{"id":46187,"date":"2023-11-20T21:31:36","date_gmt":"2023-11-20T21:31:36","guid":{"rendered":"https:\/\/npf-fpn.com\/?p=46187"},"modified":"2023-11-20T21:31:37","modified_gmt":"2023-11-20T21:31:37","slug":"plainte-de-pratique-deloyale-de-travail-deposee-par-la-fpn-concernant-le-projet-pilote-federal-dentree-directe","status":"publish","type":"post","link":"https:\/\/npf-fpn.com\/fr\/2023\/11\/20\/plainte-de-pratique-deloyale-de-travail-deposee-par-la-fpn-concernant-le-projet-pilote-federal-dentree-directe\/","title":{"rendered":"Plainte de pratique d\u00e9loyale de travail d\u00e9pos\u00e9e par la FPN concernant le projet pilote f\u00e9d\u00e9ral d\u2019entr\u00e9e directe"},"content":{"rendered":"\n<p>Comme il a \u00e9t\u00e9 annonc\u00e9 dans <a href=\"https:\/\/npf-fpn.com\/fr\/news-item\/npf-files-unfair-labour-practice-complaint-re-fprdp\/\">une mise \u00e0 jour pr\u00e9c\u00e9dente<\/a>, la FPN a d\u00e9pos\u00e9 une plainte de pratique d\u00e9loyale de travail concernant le projet pilote f\u00e9d\u00e9ral d\u2019entr\u00e9e direct, annonc\u00e9 le 24 juillet 2023 par la GRC. La FPN a demand\u00e9 une audience acc\u00e9l\u00e9r\u00e9e \u00e0 la Commission des relations de travail et de l\u2019emploi dans le secteur public f\u00e9d\u00e9ral (CRTESPF). L\u2019audience a eu lieu du 14 au 16 novembre 2023. Nous attendons maintenant que la CRTESPF rende une d\u00e9cision. Les deux parties ont demand\u00e9 qu\u2019elle soit acc\u00e9l\u00e9r\u00e9e, car le projet pilote devrait commencer en janvier 2024.<br><br>La plainte a \u00e9t\u00e9 d\u00e9pos\u00e9e sous la pr\u00e9tention que l\u2019employeur avait enfreint le gel r\u00e9glementaire pendant que les n\u00e9gociations \u00e9taient en cours. De plus, l\u2019employeur se serait engag\u00e9 dans une n\u00e9gociation de mauvaise foi. La FPN n\u2019a jamais \u00e9t\u00e9 approch\u00e9e ou consult\u00e9e de fa\u00e7on significative au sujet de ce projet. En outre, l\u2019employeur n\u2019a pas propos\u00e9 le concept du projet pilote f\u00e9d\u00e9ral d\u2019entr\u00e9e directe lors des n\u00e9gociations.\u00a0<br><br>Steve Madden, administrateur du conseil d\u2019administration de la r\u00e9gion de l\u2019Atlantique et du Centre, et Dennis Miller, vice-pr\u00e9sident de la FPN, ont pr\u00e9sent\u00e9 un t\u00e9moignage exhaustif selon lequel cette initiative aurait des r\u00e9percussions retentissantes sur l\u2019ensemble de la GRC. L\u2019initiative a \u00e9t\u00e9 lanc\u00e9e par le sous-commissaire, Police f\u00e9d\u00e9rale. D\u2019autres \u00e9l\u00e9ments de preuve ont \u00e9t\u00e9 fournis relativement aux changements apport\u00e9s aux processus existants. En voici quelques exemples : mobilisation, p\u00e9riodes de probation, contournement des politiques existantes, formation des cadets, norme de formation et convention collective. Ces changements soul\u00e8vent des pr\u00e9occupations importantes. Ils pourraient m\u00eame mettre en p\u00e9ril la s\u00e9curit\u00e9 des membres et du public.\u00a0<br><br>La FPN vous tiendra au courant selon l\u2019\u00e9volution du dossier.\u00a0<\/p>\n\n\n\n<p>Sinc\u00e8rement,<\/p>\n\n\n\n<figure class=\"wp-block-image size-full is-resized\"><img decoding=\"async\" width=\"306\" height=\"163\" src=\"https:\/\/npf-fpn.com\/app\/uploads\/2022\/12\/Brian-FR.png\" alt=\"\" class=\"wp-image-38771\" style=\"width:250px;height:auto\" srcset=\"https:\/\/npf-fpn.com\/app\/uploads\/2022\/12\/Brian-FR.png 306w, https:\/\/npf-fpn.com\/app\/uploads\/2022\/12\/Brian-FR-300x160.png 300w\" sizes=\"(max-width: 306px) 100vw, 306px\" \/><\/figure>\n","protected":false},"excerpt":{"rendered":"<p>Comme il a \u00e9t\u00e9 annonc\u00e9 dans une mise \u00e0 jour pr\u00e9c\u00e9dente, la FPN a d\u00e9pos\u00e9 une plainte de pratique d\u00e9loyale de travail concernant le projet pilote f\u00e9d\u00e9ral d\u2019entr\u00e9e direct, annonc\u00e9 le 24 juillet 2023 par la GRC. La FPN a [&hellip;]<\/p>\n","protected":false},"author":14517,"featured_media":0,"comment_status":"open","ping_status":"open","sticky":false,"template":"","format":"standard","meta":{"_acf_changed":false,"inline_featured_image":false,"footnotes":""},"categories":[4],"tags":[],"class_list":["post-46187","post","type-post","status-publish","format-standard","hentry","category-non-classifiee"],"acf":[],"yoast_head":"<!-- This site is optimized with the Yoast SEO plugin v27.4 - https:\/\/yoast.com\/product\/yoast-seo-wordpress\/ -->\n<title>Plainte de pratique d\u00e9loyale de travail d\u00e9pos\u00e9e par la FPN concernant le projet pilote f\u00e9d\u00e9ral d\u2019entr\u00e9e directe - NPF-FPN<\/title>\n<meta name=\"robots\" content=\"index, follow, max-snippet:-1, max-image-preview:large, max-video-preview:-1\" \/>\n<link rel=\"canonical\" href=\"https:\/\/npf-fpn.com\/fr\/2023\/11\/20\/plainte-de-pratique-deloyale-de-travail-deposee-par-la-fpn-concernant-le-projet-pilote-federal-dentree-directe\/\" \/>\n<meta property=\"og:locale\" content=\"fr_FR\" \/>\n<meta property=\"og:type\" content=\"article\" \/>\n<meta property=\"og:title\" content=\"Plainte de pratique d\u00e9loyale de travail d\u00e9pos\u00e9e par la FPN concernant le projet pilote f\u00e9d\u00e9ral d\u2019entr\u00e9e directe - NPF-FPN\" \/>\n<meta property=\"og:description\" content=\"Comme il a \u00e9t\u00e9 annonc\u00e9 dans une mise \u00e0 jour pr\u00e9c\u00e9dente, la FPN a d\u00e9pos\u00e9 une plainte de pratique d\u00e9loyale de travail concernant le projet pilote f\u00e9d\u00e9ral d\u2019entr\u00e9e direct, annonc\u00e9 le 24 juillet 2023 par la GRC. La FPN a [&hellip;]\" \/>\n<meta property=\"og:url\" content=\"https:\/\/npf-fpn.com\/fr\/2023\/11\/20\/plainte-de-pratique-deloyale-de-travail-deposee-par-la-fpn-concernant-le-projet-pilote-federal-dentree-directe\/\" \/>\n<meta property=\"og:site_name\" content=\"NPF-FPN\" \/>\n<meta property=\"article:published_time\" content=\"2023-11-20T21:31:36+00:00\" \/>\n<meta property=\"article:modified_time\" content=\"2023-11-20T21:31:37+00:00\" \/>\n<meta property=\"og:image\" content=\"https:\/\/npf-fpn.com\/app\/uploads\/2022\/12\/Brian-FR.png\" \/>\n<meta name=\"author\" content=\"Martina On\" \/>\n<meta name=\"twitter:card\" content=\"summary_large_image\" \/>\n<meta name=\"twitter:label1\" content=\"Written by\" \/>\n\t<meta name=\"twitter:data1\" content=\"Martina On\" \/>\n\t<meta name=\"twitter:label2\" content=\"Est. reading time\" \/>\n\t<meta name=\"twitter:data2\" content=\"2 minutes\" \/>\n<script type=\"application\/ld+json\" class=\"yoast-schema-graph\">{\"@context\":\"https:\\\/\\\/schema.org\",\"@graph\":[{\"@type\":\"Article\",\"@id\":\"https:\\\/\\\/npf-fpn.com\\\/fr\\\/2023\\\/11\\\/20\\\/plainte-de-pratique-deloyale-de-travail-deposee-par-la-fpn-concernant-le-projet-pilote-federal-dentree-directe\\\/#article\",\"isPartOf\":{\"@id\":\"https:\\\/\\\/npf-fpn.com\\\/fr\\\/2023\\\/11\\\/20\\\/plainte-de-pratique-deloyale-de-travail-deposee-par-la-fpn-concernant-le-projet-pilote-federal-dentree-directe\\\/\"},\"author\":{\"name\":\"Martina On\",\"@id\":\"https:\\\/\\\/npf-fpn.com\\\/#\\\/schema\\\/person\\\/bed648423843f4ceb5805de4e910ee93\"},\"headline\":\"Plainte de pratique d\u00e9loyale de travail d\u00e9pos\u00e9e par la FPN concernant le projet pilote f\u00e9d\u00e9ral d\u2019entr\u00e9e directe\",\"datePublished\":\"2023-11-20T21:31:36+00:00\",\"dateModified\":\"2023-11-20T21:31:37+00:00\",\"mainEntityOfPage\":{\"@id\":\"https:\\\/\\\/npf-fpn.com\\\/fr\\\/2023\\\/11\\\/20\\\/plainte-de-pratique-deloyale-de-travail-deposee-par-la-fpn-concernant-le-projet-pilote-federal-dentree-directe\\\/\"},\"wordCount\":354,\"commentCount\":0,\"publisher\":{\"@id\":\"https:\\\/\\\/npf-fpn.com\\\/#organization\"},\"image\":{\"@id\":\"https:\\\/\\\/npf-fpn.com\\\/fr\\\/2023\\\/11\\\/20\\\/plainte-de-pratique-deloyale-de-travail-deposee-par-la-fpn-concernant-le-projet-pilote-federal-dentree-directe\\\/#primaryimage\"},\"thumbnailUrl\":\"https:\\\/\\\/npf-fpn.com\\\/app\\\/uploads\\\/2022\\\/12\\\/Brian-FR.png\",\"articleSection\":[\"Non classifi\u00e9(e)\"],\"inLanguage\":\"fr-FR\",\"potentialAction\":[{\"@type\":\"CommentAction\",\"name\":\"Comment\",\"target\":[\"https:\\\/\\\/npf-fpn.com\\\/fr\\\/2023\\\/11\\\/20\\\/plainte-de-pratique-deloyale-de-travail-deposee-par-la-fpn-concernant-le-projet-pilote-federal-dentree-directe\\\/#respond\"]}]},{\"@type\":\"WebPage\",\"@id\":\"https:\\\/\\\/npf-fpn.com\\\/fr\\\/2023\\\/11\\\/20\\\/plainte-de-pratique-deloyale-de-travail-deposee-par-la-fpn-concernant-le-projet-pilote-federal-dentree-directe\\\/\",\"url\":\"https:\\\/\\\/npf-fpn.com\\\/fr\\\/2023\\\/11\\\/20\\\/plainte-de-pratique-deloyale-de-travail-deposee-par-la-fpn-concernant-le-projet-pilote-federal-dentree-directe\\\/\",\"name\":\"Plainte de pratique d\u00e9loyale de travail d\u00e9pos\u00e9e par la FPN concernant le projet pilote f\u00e9d\u00e9ral d\u2019entr\u00e9e directe - NPF-FPN\",\"isPartOf\":{\"@id\":\"https:\\\/\\\/npf-fpn.com\\\/#website\"},\"primaryImageOfPage\":{\"@id\":\"https:\\\/\\\/npf-fpn.com\\\/fr\\\/2023\\\/11\\\/20\\\/plainte-de-pratique-deloyale-de-travail-deposee-par-la-fpn-concernant-le-projet-pilote-federal-dentree-directe\\\/#primaryimage\"},\"image\":{\"@id\":\"https:\\\/\\\/npf-fpn.com\\\/fr\\\/2023\\\/11\\\/20\\\/plainte-de-pratique-deloyale-de-travail-deposee-par-la-fpn-concernant-le-projet-pilote-federal-dentree-directe\\\/#primaryimage\"},\"thumbnailUrl\":\"https:\\\/\\\/npf-fpn.com\\\/app\\\/uploads\\\/2022\\\/12\\\/Brian-FR.png\",\"datePublished\":\"2023-11-20T21:31:36+00:00\",\"dateModified\":\"2023-11-20T21:31:37+00:00\",\"breadcrumb\":{\"@id\":\"https:\\\/\\\/npf-fpn.com\\\/fr\\\/2023\\\/11\\\/20\\\/plainte-de-pratique-deloyale-de-travail-deposee-par-la-fpn-concernant-le-projet-pilote-federal-dentree-directe\\\/#breadcrumb\"},\"inLanguage\":\"fr-FR\",\"potentialAction\":[{\"@type\":\"ReadAction\",\"target\":[\"https:\\\/\\\/npf-fpn.com\\\/fr\\\/2023\\\/11\\\/20\\\/plainte-de-pratique-deloyale-de-travail-deposee-par-la-fpn-concernant-le-projet-pilote-federal-dentree-directe\\\/\"]}]},{\"@type\":\"ImageObject\",\"inLanguage\":\"fr-FR\",\"@id\":\"https:\\\/\\\/npf-fpn.com\\\/fr\\\/2023\\\/11\\\/20\\\/plainte-de-pratique-deloyale-de-travail-deposee-par-la-fpn-concernant-le-projet-pilote-federal-dentree-directe\\\/#primaryimage\",\"url\":\"https:\\\/\\\/npf-fpn.com\\\/app\\\/uploads\\\/2022\\\/12\\\/Brian-FR.png\",\"contentUrl\":\"https:\\\/\\\/npf-fpn.com\\\/app\\\/uploads\\\/2022\\\/12\\\/Brian-FR.png\"},{\"@type\":\"BreadcrumbList\",\"@id\":\"https:\\\/\\\/npf-fpn.com\\\/fr\\\/2023\\\/11\\\/20\\\/plainte-de-pratique-deloyale-de-travail-deposee-par-la-fpn-concernant-le-projet-pilote-federal-dentree-directe\\\/#breadcrumb\",\"itemListElement\":[{\"@type\":\"ListItem\",\"position\":1,\"name\":\"Accueil\",\"item\":\"https:\\\/\\\/npf-fpn.com\\\/fr\\\/\"},{\"@type\":\"ListItem\",\"position\":2,\"name\":\"Plainte de pratique d\u00e9loyale de travail d\u00e9pos\u00e9e par la FPN concernant le projet pilote f\u00e9d\u00e9ral d\u2019entr\u00e9e directe\"}]},{\"@type\":\"WebSite\",\"@id\":\"https:\\\/\\\/npf-fpn.com\\\/#website\",\"url\":\"https:\\\/\\\/npf-fpn.com\\\/\",\"name\":\"NPF-FPN\",\"description\":\"Providing strong, fair and progressive representation to almost 20,000 RCMP members across Canada.\",\"publisher\":{\"@id\":\"https:\\\/\\\/npf-fpn.com\\\/#organization\"},\"potentialAction\":[{\"@type\":\"SearchAction\",\"target\":{\"@type\":\"EntryPoint\",\"urlTemplate\":\"https:\\\/\\\/npf-fpn.com\\\/?s={search_term_string}\"},\"query-input\":{\"@type\":\"PropertyValueSpecification\",\"valueRequired\":true,\"valueName\":\"search_term_string\"}}],\"inLanguage\":\"fr-FR\"},{\"@type\":\"Organization\",\"@id\":\"https:\\\/\\\/npf-fpn.com\\\/#organization\",\"name\":\"NPF-FPN\",\"url\":\"https:\\\/\\\/npf-fpn.com\\\/\",\"logo\":{\"@type\":\"ImageObject\",\"inLanguage\":\"fr-FR\",\"@id\":\"https:\\\/\\\/npf-fpn.com\\\/#\\\/schema\\\/logo\\\/image\\\/\",\"url\":\"https:\\\/\\\/npf-fpn.com\\\/app\\\/uploads\\\/2022\\\/01\\\/NPF.jpg\",\"contentUrl\":\"https:\\\/\\\/npf-fpn.com\\\/app\\\/uploads\\\/2022\\\/01\\\/NPF.jpg\",\"width\":200,\"height\":200,\"caption\":\"NPF-FPN\"},\"image\":{\"@id\":\"https:\\\/\\\/npf-fpn.com\\\/#\\\/schema\\\/logo\\\/image\\\/\"}},{\"@type\":\"Person\",\"@id\":\"https:\\\/\\\/npf-fpn.com\\\/#\\\/schema\\\/person\\\/bed648423843f4ceb5805de4e910ee93\",\"name\":\"Martina On\",\"image\":{\"@type\":\"ImageObject\",\"inLanguage\":\"fr-FR\",\"@id\":\"https:\\\/\\\/secure.gravatar.com\\\/avatar\\\/33e705660682e13a3772b8eb5e0997fc42d86a134fd2b0ff8be51c8d4d528c27?s=96&d=mm&r=g\",\"url\":\"https:\\\/\\\/secure.gravatar.com\\\/avatar\\\/33e705660682e13a3772b8eb5e0997fc42d86a134fd2b0ff8be51c8d4d528c27?s=96&d=mm&r=g\",\"contentUrl\":\"https:\\\/\\\/secure.gravatar.com\\\/avatar\\\/33e705660682e13a3772b8eb5e0997fc42d86a134fd2b0ff8be51c8d4d528c27?s=96&d=mm&r=g\",\"caption\":\"Martina On\"}}]}<\/script>\n<!-- \/ Yoast SEO plugin. -->","yoast_head_json":{"title":"Plainte de pratique d\u00e9loyale de travail d\u00e9pos\u00e9e par la FPN concernant le projet pilote f\u00e9d\u00e9ral d\u2019entr\u00e9e directe - NPF-FPN","robots":{"index":"index","follow":"follow","max-snippet":"max-snippet:-1","max-image-preview":"max-image-preview:large","max-video-preview":"max-video-preview:-1"},"canonical":"https:\/\/npf-fpn.com\/fr\/2023\/11\/20\/plainte-de-pratique-deloyale-de-travail-deposee-par-la-fpn-concernant-le-projet-pilote-federal-dentree-directe\/","og_locale":"fr_FR","og_type":"article","og_title":"Plainte de pratique d\u00e9loyale de travail d\u00e9pos\u00e9e par la FPN concernant le projet pilote f\u00e9d\u00e9ral d\u2019entr\u00e9e directe - NPF-FPN","og_description":"Comme il a \u00e9t\u00e9 annonc\u00e9 dans une mise \u00e0 jour pr\u00e9c\u00e9dente, la FPN a d\u00e9pos\u00e9 une plainte de pratique d\u00e9loyale de travail concernant le projet pilote f\u00e9d\u00e9ral d\u2019entr\u00e9e direct, annonc\u00e9 le 24 juillet 2023 par la GRC. La FPN a [&hellip;]","og_url":"https:\/\/npf-fpn.com\/fr\/2023\/11\/20\/plainte-de-pratique-deloyale-de-travail-deposee-par-la-fpn-concernant-le-projet-pilote-federal-dentree-directe\/","og_site_name":"NPF-FPN","article_published_time":"2023-11-20T21:31:36+00:00","article_modified_time":"2023-11-20T21:31:37+00:00","og_image":[{"url":"https:\/\/npf-fpn.com\/app\/uploads\/2022\/12\/Brian-FR.png","type":"","width":"","height":""}],"author":"Martina On","twitter_card":"summary_large_image","twitter_misc":{"Written by":"Martina On","Est. reading time":"2 minutes"},"schema":{"@context":"https:\/\/schema.org","@graph":[{"@type":"Article","@id":"https:\/\/npf-fpn.com\/fr\/2023\/11\/20\/plainte-de-pratique-deloyale-de-travail-deposee-par-la-fpn-concernant-le-projet-pilote-federal-dentree-directe\/#article","isPartOf":{"@id":"https:\/\/npf-fpn.com\/fr\/2023\/11\/20\/plainte-de-pratique-deloyale-de-travail-deposee-par-la-fpn-concernant-le-projet-pilote-federal-dentree-directe\/"},"author":{"name":"Martina On","@id":"https:\/\/npf-fpn.com\/#\/schema\/person\/bed648423843f4ceb5805de4e910ee93"},"headline":"Plainte de pratique d\u00e9loyale de travail d\u00e9pos\u00e9e par la FPN concernant le projet pilote f\u00e9d\u00e9ral d\u2019entr\u00e9e directe","datePublished":"2023-11-20T21:31:36+00:00","dateModified":"2023-11-20T21:31:37+00:00","mainEntityOfPage":{"@id":"https:\/\/npf-fpn.com\/fr\/2023\/11\/20\/plainte-de-pratique-deloyale-de-travail-deposee-par-la-fpn-concernant-le-projet-pilote-federal-dentree-directe\/"},"wordCount":354,"commentCount":0,"publisher":{"@id":"https:\/\/npf-fpn.com\/#organization"},"image":{"@id":"https:\/\/npf-fpn.com\/fr\/2023\/11\/20\/plainte-de-pratique-deloyale-de-travail-deposee-par-la-fpn-concernant-le-projet-pilote-federal-dentree-directe\/#primaryimage"},"thumbnailUrl":"https:\/\/npf-fpn.com\/app\/uploads\/2022\/12\/Brian-FR.png","articleSection":["Non classifi\u00e9(e)"],"inLanguage":"fr-FR","potentialAction":[{"@type":"CommentAction","name":"Comment","target":["https:\/\/npf-fpn.com\/fr\/2023\/11\/20\/plainte-de-pratique-deloyale-de-travail-deposee-par-la-fpn-concernant-le-projet-pilote-federal-dentree-directe\/#respond"]}]},{"@type":"WebPage","@id":"https:\/\/npf-fpn.com\/fr\/2023\/11\/20\/plainte-de-pratique-deloyale-de-travail-deposee-par-la-fpn-concernant-le-projet-pilote-federal-dentree-directe\/","url":"https:\/\/npf-fpn.com\/fr\/2023\/11\/20\/plainte-de-pratique-deloyale-de-travail-deposee-par-la-fpn-concernant-le-projet-pilote-federal-dentree-directe\/","name":"Plainte de pratique d\u00e9loyale de travail d\u00e9pos\u00e9e par la FPN concernant le projet pilote f\u00e9d\u00e9ral d\u2019entr\u00e9e directe - NPF-FPN","isPartOf":{"@id":"https:\/\/npf-fpn.com\/#website"},"primaryImageOfPage":{"@id":"https:\/\/npf-fpn.com\/fr\/2023\/11\/20\/plainte-de-pratique-deloyale-de-travail-deposee-par-la-fpn-concernant-le-projet-pilote-federal-dentree-directe\/#primaryimage"},"image":{"@id":"https:\/\/npf-fpn.com\/fr\/2023\/11\/20\/plainte-de-pratique-deloyale-de-travail-deposee-par-la-fpn-concernant-le-projet-pilote-federal-dentree-directe\/#primaryimage"},"thumbnailUrl":"https:\/\/npf-fpn.com\/app\/uploads\/2022\/12\/Brian-FR.png","datePublished":"2023-11-20T21:31:36+00:00","dateModified":"2023-11-20T21:31:37+00:00","breadcrumb":{"@id":"https:\/\/npf-fpn.com\/fr\/2023\/11\/20\/plainte-de-pratique-deloyale-de-travail-deposee-par-la-fpn-concernant-le-projet-pilote-federal-dentree-directe\/#breadcrumb"},"inLanguage":"fr-FR","potentialAction":[{"@type":"ReadAction","target":["https:\/\/npf-fpn.com\/fr\/2023\/11\/20\/plainte-de-pratique-deloyale-de-travail-deposee-par-la-fpn-concernant-le-projet-pilote-federal-dentree-directe\/"]}]},{"@type":"ImageObject","inLanguage":"fr-FR","@id":"https:\/\/npf-fpn.com\/fr\/2023\/11\/20\/plainte-de-pratique-deloyale-de-travail-deposee-par-la-fpn-concernant-le-projet-pilote-federal-dentree-directe\/#primaryimage","url":"https:\/\/npf-fpn.com\/app\/uploads\/2022\/12\/Brian-FR.png","contentUrl":"https:\/\/npf-fpn.com\/app\/uploads\/2022\/12\/Brian-FR.png"},{"@type":"BreadcrumbList","@id":"https:\/\/npf-fpn.com\/fr\/2023\/11\/20\/plainte-de-pratique-deloyale-de-travail-deposee-par-la-fpn-concernant-le-projet-pilote-federal-dentree-directe\/#breadcrumb","itemListElement":[{"@type":"ListItem","position":1,"name":"Accueil","item":"https:\/\/npf-fpn.com\/fr\/"},{"@type":"ListItem","position":2,"name":"Plainte de pratique d\u00e9loyale de travail d\u00e9pos\u00e9e par la FPN concernant le projet pilote f\u00e9d\u00e9ral d\u2019entr\u00e9e directe"}]},{"@type":"WebSite","@id":"https:\/\/npf-fpn.com\/#website","url":"https:\/\/npf-fpn.com\/","name":"NPF-FPN","description":"Providing strong, fair and progressive representation to almost 20,000 RCMP members across Canada.","publisher":{"@id":"https:\/\/npf-fpn.com\/#organization"},"potentialAction":[{"@type":"SearchAction","target":{"@type":"EntryPoint","urlTemplate":"https:\/\/npf-fpn.com\/?s={search_term_string}"},"query-input":{"@type":"PropertyValueSpecification","valueRequired":true,"valueName":"search_term_string"}}],"inLanguage":"fr-FR"},{"@type":"Organization","@id":"https:\/\/npf-fpn.com\/#organization","name":"NPF-FPN","url":"https:\/\/npf-fpn.com\/","logo":{"@type":"ImageObject","inLanguage":"fr-FR","@id":"https:\/\/npf-fpn.com\/#\/schema\/logo\/image\/","url":"https:\/\/npf-fpn.com\/app\/uploads\/2022\/01\/NPF.jpg","contentUrl":"https:\/\/npf-fpn.com\/app\/uploads\/2022\/01\/NPF.jpg","width":200,"height":200,"caption":"NPF-FPN"},"image":{"@id":"https:\/\/npf-fpn.com\/#\/schema\/logo\/image\/"}},{"@type":"Person","@id":"https:\/\/npf-fpn.com\/#\/schema\/person\/bed648423843f4ceb5805de4e910ee93","name":"Martina On","image":{"@type":"ImageObject","inLanguage":"fr-FR","@id":"https:\/\/secure.gravatar.com\/avatar\/33e705660682e13a3772b8eb5e0997fc42d86a134fd2b0ff8be51c8d4d528c27?s=96&d=mm&r=g","url":"https:\/\/secure.gravatar.com\/avatar\/33e705660682e13a3772b8eb5e0997fc42d86a134fd2b0ff8be51c8d4d528c27?s=96&d=mm&r=g","contentUrl":"https:\/\/secure.gravatar.com\/avatar\/33e705660682e13a3772b8eb5e0997fc42d86a134fd2b0ff8be51c8d4d528c27?s=96&d=mm&r=g","caption":"Martina On"}}]}},"_links":{"self":[{"href":"https:\/\/npf-fpn.com\/fr\/wp-json\/wp\/v2\/posts\/46187","targetHints":{"allow":["GET"]}}],"collection":[{"href":"https:\/\/npf-fpn.com\/fr\/wp-json\/wp\/v2\/posts"}],"about":[{"href":"https:\/\/npf-fpn.com\/fr\/wp-json\/wp\/v2\/types\/post"}],"author":[{"embeddable":true,"href":"https:\/\/npf-fpn.com\/fr\/wp-json\/wp\/v2\/users\/14517"}],"replies":[{"embeddable":true,"href":"https:\/\/npf-fpn.com\/fr\/wp-json\/wp\/v2\/comments?post=46187"}],"version-history":[{"count":1,"href":"https:\/\/npf-fpn.com\/fr\/wp-json\/wp\/v2\/posts\/46187\/revisions"}],"predecessor-version":[{"id":46188,"href":"https:\/\/npf-fpn.com\/fr\/wp-json\/wp\/v2\/posts\/46187\/revisions\/46188"}],"wp:attachment":[{"href":"https:\/\/npf-fpn.com\/fr\/wp-json\/wp\/v2\/media?parent=46187"}],"wp:term":[{"taxonomy":"category","embeddable":true,"href":"https:\/\/npf-fpn.com\/fr\/wp-json\/wp\/v2\/categories?post=46187"},{"taxonomy":"post_tag","embeddable":true,"href":"https:\/\/npf-fpn.com\/fr\/wp-json\/wp\/v2\/tags?post=46187"}],"curies":[{"name":"wp","href":"https:\/\/api.w.org\/{rel}","templated":true}]}}