{"id":64346,"date":"2025-11-26T22:01:21","date_gmt":"2025-11-26T22:01:21","guid":{"rendered":"https:\/\/npf-fpn.com\/?post_type=news&#038;p=64346"},"modified":"2025-11-26T22:01:24","modified_gmt":"2025-11-26T22:01:24","slug":"communique-de-presse-la-federation-nationale-de-la-police-salue-lintroduction-par-le-gouvernement-federal-du-projet-de-loi-c-14-loi-sur-la-reforme-de-la-mise-en-liberte-sous-caution-et-de-la-dete","status":"publish","type":"news","link":"https:\/\/npf-fpn.com\/fr\/news-item\/communique-de-presse-la-federation-nationale-de-la-police-salue-lintroduction-par-le-gouvernement-federal-du-projet-de-loi-c-14-loi-sur-la-reforme-de-la-mise-en-liberte-sous-caution-et-de-la-dete\/","title":{"rendered":"Communiqu\u00e9 de presse : La F\u00e9d\u00e9ration nationale de la police salue l&#8217;introduction par le gouvernement f\u00e9d\u00e9ral du projet de loi C-14, Loi sur la r\u00e9forme de la mise en libert\u00e9 sous caution et de la d\u00e9termination de la peine"},"content":{"rendered":"\n<p><strong>24 octobre 2025<\/strong><\/p>\n\n\n\n<p><strong>Ottawa, Ontario \u2013<\/strong>&nbsp;Voici une d\u00e9claration du pr\u00e9sident et chef de la direction de la F\u00e9d\u00e9ration nationale de la police, Brian Sauv\u00e9, concernant le d\u00e9p\u00f4t aujourd&#8217;hui du projet de loi C-14<em>, Loi sur la r\u00e9forme de la mise en libert\u00e9 sous caution et de la d\u00e9termination de la peine<\/em>.<\/p>\n\n\n\n<p>\u00ab La F\u00e9d\u00e9ration nationale de la police se r\u00e9jouit du d\u00e9p\u00f4t par le gouvernement f\u00e9d\u00e9ral d&#8217;un nouveau projet de loi visant \u00e0 r\u00e9former le syst\u00e8me de mise en libert\u00e9 sous caution afin de relever les d\u00e9fis persistants li\u00e9s \u00e0 la remise en libert\u00e9 dans nos collectivit\u00e9s de d\u00e9linquants violents r\u00e9cidivistes.<\/p>\n\n\n\n<p>Depuis des ann\u00e9es, les services de police de tout le Canada sont frustr\u00e9s par les cons\u00e9quences d&#8217;un syst\u00e8me qui lib\u00e8re trop souvent des d\u00e9linquants violents et dangereux qui r\u00e9cidivent pendant leur mise en libert\u00e9 sous caution. Cela met non seulement le public en danger, mais d\u00e9tourne \u00e9galement d&#8217;importantes ressources polici\u00e8res vers la r\u00e9arrestation des m\u00eames individus, alors que ces ressources pourraient \u00eatre utilis\u00e9es pour pr\u00e9venir et r\u00e9agir \u00e0 de nouveaux crimes.<\/p>\n\n\n\n<p>\u00c0 premi\u00e8re vue, les modifications propos\u00e9es au&nbsp;<em>Code criminel<\/em>&nbsp;semblent constituer une mesure mesur\u00e9e visant \u00e0 am\u00e9liorer la s\u00e9curit\u00e9 publique et \u00e0 r\u00e9tablir la confiance dans les syst\u00e8mes de mise en libert\u00e9 sous caution et de d\u00e9termination de la peine au Canada. Les directives propos\u00e9es \u00e0 la police et aux tribunaux concernant l&#8217;application du principe de retenue tout en respectant la s\u00e9curit\u00e9 publique, l&#8217;\u00e9largissement des dispositions relatives au renversement du fardeau de la preuve pour les infractions graves et violentes et les crimes organis\u00e9s, ainsi que l&#8217;introduction de nouveaux facteurs aggravants s&#8217;appliquant aux crimes contre les premiers intervenants sont autant d&#8217;\u00e9volutions positives.<\/p>\n\n\n\n<p>Pour que ces r\u00e9formes soient efficaces, elles doivent s&#8217;appuyer sur une collaboration f\u00e9d\u00e9rale-provinciale soutenue, une collecte de donn\u00e9es solide et des ressources ad\u00e9quates pour la police, les procureurs, les \u00e9tablissements de d\u00e9tention et les tribunaux. Sans financement et sans personnel suffisants, m\u00eame les modifications l\u00e9gislatives bien intentionn\u00e9es auront du mal \u00e0 atteindre leurs objectifs.<\/p>\n\n\n\n<p>La F\u00e9d\u00e9ration nationale de la police pr\u00e9conise depuis longtemps une r\u00e9forme pratique et fond\u00e9e sur des donn\u00e9es probantes du syst\u00e8me de mise en libert\u00e9 sous caution, qui accorde la priorit\u00e9 \u00e0 la s\u00e9curit\u00e9 de la communaut\u00e9. Nous sommes encourag\u00e9s par cette avanc\u00e9e et continuerons d&#8217;examiner la l\u00e9gislation de plus pr\u00e8s afin de nous assurer qu&#8217;elle donne des r\u00e9sultats significatifs pour les Canadiens et nos membres qui les servent chaque jour. \u00bb<\/p>\n","protected":false},"excerpt":{"rendered":"<p>24 octobre 2025 Ottawa, Ontario \u2013&nbsp;Voici une d\u00e9claration du pr\u00e9sident et chef de la direction de la F\u00e9d\u00e9ration nationale de la police, Brian Sauv\u00e9, concernant le d\u00e9p\u00f4t aujourd&#8217;hui du projet de loi C-14, Loi sur la r\u00e9forme de la mise [&hellip;]<\/p>\n","protected":false},"featured_media":0,"template":"","news_type":[40],"audiences":[],"news_topics":[],"class_list":["post-64346","news","type-news","status-publish","hentry","news_type-media-releases-fr"],"acf":[],"yoast_head":"<!-- This site is optimized with the Yoast SEO plugin v27.4 - https:\/\/yoast.com\/product\/yoast-seo-wordpress\/ -->\n<title>Communiqu\u00e9 de presse : La F\u00e9d\u00e9ration nationale de la police salue l&#039;introduction par le gouvernement f\u00e9d\u00e9ral du projet de loi C-14, Loi sur la r\u00e9forme de la mise en libert\u00e9 sous caution et de la d\u00e9termination de la peine - NPF-FPN<\/title>\n<meta name=\"robots\" content=\"index, follow, max-snippet:-1, max-image-preview:large, max-video-preview:-1\" \/>\n<link rel=\"canonical\" href=\"https:\/\/npf-fpn.com\/fr\/news-item\/communique-de-presse-la-federation-nationale-de-la-police-salue-lintroduction-par-le-gouvernement-federal-du-projet-de-loi-c-14-loi-sur-la-reforme-de-la-mise-en-liberte-sous-caution-et-de-la-dete\/\" \/>\n<meta property=\"og:locale\" content=\"fr_FR\" \/>\n<meta property=\"og:type\" content=\"article\" \/>\n<meta property=\"og:title\" content=\"Communiqu\u00e9 de presse : La F\u00e9d\u00e9ration nationale de la police salue l&#039;introduction par le gouvernement f\u00e9d\u00e9ral du projet de loi C-14, Loi sur la r\u00e9forme de la mise en libert\u00e9 sous caution et de la d\u00e9termination de la peine - NPF-FPN\" \/>\n<meta property=\"og:description\" content=\"24 octobre 2025 Ottawa, Ontario \u2013&nbsp;Voici une d\u00e9claration du pr\u00e9sident et chef de la direction de la F\u00e9d\u00e9ration nationale de la police, Brian Sauv\u00e9, concernant le d\u00e9p\u00f4t aujourd&#8217;hui du projet de loi C-14, Loi sur la r\u00e9forme de la mise [&hellip;]\" \/>\n<meta property=\"og:url\" content=\"https:\/\/npf-fpn.com\/fr\/news-item\/communique-de-presse-la-federation-nationale-de-la-police-salue-lintroduction-par-le-gouvernement-federal-du-projet-de-loi-c-14-loi-sur-la-reforme-de-la-mise-en-liberte-sous-caution-et-de-la-dete\/\" \/>\n<meta property=\"og:site_name\" content=\"NPF-FPN\" \/>\n<meta property=\"article:modified_time\" content=\"2025-11-26T22:01:24+00:00\" \/>\n<meta name=\"twitter:card\" content=\"summary_large_image\" \/>\n<meta name=\"twitter:label1\" content=\"Est. reading time\" \/>\n\t<meta name=\"twitter:data1\" content=\"2 minutes\" \/>\n<script type=\"application\/ld+json\" class=\"yoast-schema-graph\">{\"@context\":\"https:\\\/\\\/schema.org\",\"@graph\":[{\"@type\":\"WebPage\",\"@id\":\"https:\\\/\\\/npf-fpn.com\\\/fr\\\/news-item\\\/communique-de-presse-la-federation-nationale-de-la-police-salue-lintroduction-par-le-gouvernement-federal-du-projet-de-loi-c-14-loi-sur-la-reforme-de-la-mise-en-liberte-sous-caution-et-de-la-dete\\\/\",\"url\":\"https:\\\/\\\/npf-fpn.com\\\/fr\\\/news-item\\\/communique-de-presse-la-federation-nationale-de-la-police-salue-lintroduction-par-le-gouvernement-federal-du-projet-de-loi-c-14-loi-sur-la-reforme-de-la-mise-en-liberte-sous-caution-et-de-la-dete\\\/\",\"name\":\"Communiqu\u00e9 de presse : La F\u00e9d\u00e9ration nationale de la police salue l'introduction par le gouvernement f\u00e9d\u00e9ral du projet de loi C-14, Loi sur la r\u00e9forme de la mise en libert\u00e9 sous caution et de la d\u00e9termination de la peine - NPF-FPN\",\"isPartOf\":{\"@id\":\"https:\\\/\\\/npf-fpn.com\\\/#website\"},\"datePublished\":\"2025-11-26T22:01:21+00:00\",\"dateModified\":\"2025-11-26T22:01:24+00:00\",\"breadcrumb\":{\"@id\":\"https:\\\/\\\/npf-fpn.com\\\/fr\\\/news-item\\\/communique-de-presse-la-federation-nationale-de-la-police-salue-lintroduction-par-le-gouvernement-federal-du-projet-de-loi-c-14-loi-sur-la-reforme-de-la-mise-en-liberte-sous-caution-et-de-la-dete\\\/#breadcrumb\"},\"inLanguage\":\"fr-FR\",\"potentialAction\":[{\"@type\":\"ReadAction\",\"target\":[\"https:\\\/\\\/npf-fpn.com\\\/fr\\\/news-item\\\/communique-de-presse-la-federation-nationale-de-la-police-salue-lintroduction-par-le-gouvernement-federal-du-projet-de-loi-c-14-loi-sur-la-reforme-de-la-mise-en-liberte-sous-caution-et-de-la-dete\\\/\"]}]},{\"@type\":\"BreadcrumbList\",\"@id\":\"https:\\\/\\\/npf-fpn.com\\\/fr\\\/news-item\\\/communique-de-presse-la-federation-nationale-de-la-police-salue-lintroduction-par-le-gouvernement-federal-du-projet-de-loi-c-14-loi-sur-la-reforme-de-la-mise-en-liberte-sous-caution-et-de-la-dete\\\/#breadcrumb\",\"itemListElement\":[{\"@type\":\"ListItem\",\"position\":1,\"name\":\"Accueil\",\"item\":\"https:\\\/\\\/npf-fpn.com\\\/fr\\\/\"},{\"@type\":\"ListItem\",\"position\":2,\"name\":\"Communiqu\u00e9 de presse : La F\u00e9d\u00e9ration nationale de la police salue l&#8217;introduction par le gouvernement f\u00e9d\u00e9ral du projet de loi C-14, Loi sur la r\u00e9forme de la mise en libert\u00e9 sous caution et de la d\u00e9termination de la peine\"}]},{\"@type\":\"WebSite\",\"@id\":\"https:\\\/\\\/npf-fpn.com\\\/#website\",\"url\":\"https:\\\/\\\/npf-fpn.com\\\/\",\"name\":\"NPF-FPN\",\"description\":\"Providing strong, fair and progressive representation to almost 20,000 RCMP members across Canada.\",\"publisher\":{\"@id\":\"https:\\\/\\\/npf-fpn.com\\\/#organization\"},\"potentialAction\":[{\"@type\":\"SearchAction\",\"target\":{\"@type\":\"EntryPoint\",\"urlTemplate\":\"https:\\\/\\\/npf-fpn.com\\\/?s={search_term_string}\"},\"query-input\":{\"@type\":\"PropertyValueSpecification\",\"valueRequired\":true,\"valueName\":\"search_term_string\"}}],\"inLanguage\":\"fr-FR\"},{\"@type\":\"Organization\",\"@id\":\"https:\\\/\\\/npf-fpn.com\\\/#organization\",\"name\":\"NPF-FPN\",\"url\":\"https:\\\/\\\/npf-fpn.com\\\/\",\"logo\":{\"@type\":\"ImageObject\",\"inLanguage\":\"fr-FR\",\"@id\":\"https:\\\/\\\/npf-fpn.com\\\/#\\\/schema\\\/logo\\\/image\\\/\",\"url\":\"https:\\\/\\\/npf-fpn.com\\\/app\\\/uploads\\\/2022\\\/01\\\/NPF.jpg\",\"contentUrl\":\"https:\\\/\\\/npf-fpn.com\\\/app\\\/uploads\\\/2022\\\/01\\\/NPF.jpg\",\"width\":200,\"height\":200,\"caption\":\"NPF-FPN\"},\"image\":{\"@id\":\"https:\\\/\\\/npf-fpn.com\\\/#\\\/schema\\\/logo\\\/image\\\/\"}}]}<\/script>\n<!-- \/ Yoast SEO plugin. -->","yoast_head_json":{"title":"Communiqu\u00e9 de presse : La F\u00e9d\u00e9ration nationale de la police salue l'introduction par le gouvernement f\u00e9d\u00e9ral du projet de loi C-14, Loi sur la r\u00e9forme de la mise en libert\u00e9 sous caution et de la d\u00e9termination de la peine - NPF-FPN","robots":{"index":"index","follow":"follow","max-snippet":"max-snippet:-1","max-image-preview":"max-image-preview:large","max-video-preview":"max-video-preview:-1"},"canonical":"https:\/\/npf-fpn.com\/fr\/news-item\/communique-de-presse-la-federation-nationale-de-la-police-salue-lintroduction-par-le-gouvernement-federal-du-projet-de-loi-c-14-loi-sur-la-reforme-de-la-mise-en-liberte-sous-caution-et-de-la-dete\/","og_locale":"fr_FR","og_type":"article","og_title":"Communiqu\u00e9 de presse : La F\u00e9d\u00e9ration nationale de la police salue l'introduction par le gouvernement f\u00e9d\u00e9ral du projet de loi C-14, Loi sur la r\u00e9forme de la mise en libert\u00e9 sous caution et de la d\u00e9termination de la peine - NPF-FPN","og_description":"24 octobre 2025 Ottawa, Ontario \u2013&nbsp;Voici une d\u00e9claration du pr\u00e9sident et chef de la direction de la F\u00e9d\u00e9ration nationale de la police, Brian Sauv\u00e9, concernant le d\u00e9p\u00f4t aujourd&#8217;hui du projet de loi C-14, Loi sur la r\u00e9forme de la mise [&hellip;]","og_url":"https:\/\/npf-fpn.com\/fr\/news-item\/communique-de-presse-la-federation-nationale-de-la-police-salue-lintroduction-par-le-gouvernement-federal-du-projet-de-loi-c-14-loi-sur-la-reforme-de-la-mise-en-liberte-sous-caution-et-de-la-dete\/","og_site_name":"NPF-FPN","article_modified_time":"2025-11-26T22:01:24+00:00","twitter_card":"summary_large_image","twitter_misc":{"Est. reading time":"2 minutes"},"schema":{"@context":"https:\/\/schema.org","@graph":[{"@type":"WebPage","@id":"https:\/\/npf-fpn.com\/fr\/news-item\/communique-de-presse-la-federation-nationale-de-la-police-salue-lintroduction-par-le-gouvernement-federal-du-projet-de-loi-c-14-loi-sur-la-reforme-de-la-mise-en-liberte-sous-caution-et-de-la-dete\/","url":"https:\/\/npf-fpn.com\/fr\/news-item\/communique-de-presse-la-federation-nationale-de-la-police-salue-lintroduction-par-le-gouvernement-federal-du-projet-de-loi-c-14-loi-sur-la-reforme-de-la-mise-en-liberte-sous-caution-et-de-la-dete\/","name":"Communiqu\u00e9 de presse : La F\u00e9d\u00e9ration nationale de la police salue l'introduction par le gouvernement f\u00e9d\u00e9ral du projet de loi C-14, Loi sur la r\u00e9forme de la mise en libert\u00e9 sous caution et de la d\u00e9termination de la peine - NPF-FPN","isPartOf":{"@id":"https:\/\/npf-fpn.com\/#website"},"datePublished":"2025-11-26T22:01:21+00:00","dateModified":"2025-11-26T22:01:24+00:00","breadcrumb":{"@id":"https:\/\/npf-fpn.com\/fr\/news-item\/communique-de-presse-la-federation-nationale-de-la-police-salue-lintroduction-par-le-gouvernement-federal-du-projet-de-loi-c-14-loi-sur-la-reforme-de-la-mise-en-liberte-sous-caution-et-de-la-dete\/#breadcrumb"},"inLanguage":"fr-FR","potentialAction":[{"@type":"ReadAction","target":["https:\/\/npf-fpn.com\/fr\/news-item\/communique-de-presse-la-federation-nationale-de-la-police-salue-lintroduction-par-le-gouvernement-federal-du-projet-de-loi-c-14-loi-sur-la-reforme-de-la-mise-en-liberte-sous-caution-et-de-la-dete\/"]}]},{"@type":"BreadcrumbList","@id":"https:\/\/npf-fpn.com\/fr\/news-item\/communique-de-presse-la-federation-nationale-de-la-police-salue-lintroduction-par-le-gouvernement-federal-du-projet-de-loi-c-14-loi-sur-la-reforme-de-la-mise-en-liberte-sous-caution-et-de-la-dete\/#breadcrumb","itemListElement":[{"@type":"ListItem","position":1,"name":"Accueil","item":"https:\/\/npf-fpn.com\/fr\/"},{"@type":"ListItem","position":2,"name":"Communiqu\u00e9 de presse : La F\u00e9d\u00e9ration nationale de la police salue l&#8217;introduction par le gouvernement f\u00e9d\u00e9ral du projet de loi C-14, Loi sur la r\u00e9forme de la mise en libert\u00e9 sous caution et de la d\u00e9termination de la peine"}]},{"@type":"WebSite","@id":"https:\/\/npf-fpn.com\/#website","url":"https:\/\/npf-fpn.com\/","name":"NPF-FPN","description":"Providing strong, fair and progressive representation to almost 20,000 RCMP members across Canada.","publisher":{"@id":"https:\/\/npf-fpn.com\/#organization"},"potentialAction":[{"@type":"SearchAction","target":{"@type":"EntryPoint","urlTemplate":"https:\/\/npf-fpn.com\/?s={search_term_string}"},"query-input":{"@type":"PropertyValueSpecification","valueRequired":true,"valueName":"search_term_string"}}],"inLanguage":"fr-FR"},{"@type":"Organization","@id":"https:\/\/npf-fpn.com\/#organization","name":"NPF-FPN","url":"https:\/\/npf-fpn.com\/","logo":{"@type":"ImageObject","inLanguage":"fr-FR","@id":"https:\/\/npf-fpn.com\/#\/schema\/logo\/image\/","url":"https:\/\/npf-fpn.com\/app\/uploads\/2022\/01\/NPF.jpg","contentUrl":"https:\/\/npf-fpn.com\/app\/uploads\/2022\/01\/NPF.jpg","width":200,"height":200,"caption":"NPF-FPN"},"image":{"@id":"https:\/\/npf-fpn.com\/#\/schema\/logo\/image\/"}}]}},"_links":{"self":[{"href":"https:\/\/npf-fpn.com\/fr\/wp-json\/wp\/v2\/news\/64346","targetHints":{"allow":["GET"]}}],"collection":[{"href":"https:\/\/npf-fpn.com\/fr\/wp-json\/wp\/v2\/news"}],"about":[{"href":"https:\/\/npf-fpn.com\/fr\/wp-json\/wp\/v2\/types\/news"}],"wp:attachment":[{"href":"https:\/\/npf-fpn.com\/fr\/wp-json\/wp\/v2\/media?parent=64346"}],"wp:term":[{"taxonomy":"news_type","embeddable":true,"href":"https:\/\/npf-fpn.com\/fr\/wp-json\/wp\/v2\/news_type?post=64346"},{"taxonomy":"audiences","embeddable":true,"href":"https:\/\/npf-fpn.com\/fr\/wp-json\/wp\/v2\/audiences?post=64346"},{"taxonomy":"news_topics","embeddable":true,"href":"https:\/\/npf-fpn.com\/fr\/wp-json\/wp\/v2\/news_topics?post=64346"}],"curies":[{"name":"wp","href":"https:\/\/api.w.org\/{rel}","templated":true}]}}