{"id":63705,"date":"2025-10-22T14:03:26","date_gmt":"2025-10-22T14:03:26","guid":{"rendered":"https:\/\/npf-fpn.com\/?post_type=news&#038;p=63705"},"modified":"2025-10-22T14:03:28","modified_gmt":"2025-10-22T14:03:28","slug":"declaration-aux-medias-lappel-de-la-npf-en-faveur-dun-financement-equitable-de-la-grc-nest-pas-une-concurrence-avec-la-royal-newfoundland-constabulary","status":"publish","type":"news","link":"https:\/\/npf-fpn.com\/fr\/news-item\/declaration-aux-medias-lappel-de-la-npf-en-faveur-dun-financement-equitable-de-la-grc-nest-pas-une-concurrence-avec-la-royal-newfoundland-constabulary\/","title":{"rendered":"D\u00e9claration aux m\u00e9dias : L&#8217;appel de la NPF en faveur d&#8217;un financement \u00e9quitable de la GRC n&#8217;est pas une concurrence avec la Royal Newfoundland Constabulary"},"content":{"rendered":"\n<p><strong>10 octobre 2025<\/strong><\/p>\n\n\n\n<p>St. John&#8217;s, Terre-Neuve-et-Labrador \u2013 Voici une d\u00e9claration du pr\u00e9sident et chef de la direction de la F\u00e9d\u00e9ration nationale de la police, Brian Sauv\u00e9, en r\u00e9ponse aux r\u00e9centes revendications concernant le financement \u00e9quitable des agents de police \u00e0 Terre-Neuve-et-Labrador.<\/p>\n\n\n\n<p>\u00ab Depuis des ann\u00e9es, la F\u00e9d\u00e9ration nationale de la police plaide en faveur d&#8217;un financement ad\u00e9quat pour nos membres en service \u00e0 Terre-Neuve-et-Labrador, en particulier dans les communaut\u00e9s rurales et \u00e9loign\u00e9es. Notre campagne ne vise pas, et n&#8217;a jamais vis\u00e9, \u00e0 nuire \u00e0 la Royal Newfoundland Constabulary (RNC) ou \u00e0 lui faire concurrence.<\/p>\n\n\n\n<p>Nos membres et nous-m\u00eames appr\u00e9cions profond\u00e9ment la RNC en tant que partenaire dans le domaine du maintien de l&#8217;ordre. Notre objectif commun est d&#8217;assurer la s\u00e9curit\u00e9 de tous les habitants de Terre-Neuve-et-Labrador, quel que soit leur lieu de r\u00e9sidence ou le service de police qui les dessert.<\/p>\n\n\n\n<p>Notre demande de financement \u00e9quitable vise \u00e0 garantir que la GRC re\u00e7oive les ressources appropri\u00e9es pour servir plus de 55 % de la population de la province sur 80 % de son territoire, souvent dans des r\u00e9gions difficiles et \u00e9loign\u00e9es o\u00f9 les besoins en mati\u00e8re de services de police sont croissants et complexes. Il s&#8217;agit d&#8217;une question d&#8217;\u00e9quit\u00e9 fond\u00e9e sur la responsabilit\u00e9, la g\u00e9ographie, la demande et, surtout, la s\u00e9curit\u00e9 publique, et non d&#8217;une question de rivalit\u00e9.<\/p>\n\n\n\n<p>Nous demandons au gouvernement de Terre-Neuve-et-Labrador d&#8217;investir de mani\u00e8re appropri\u00e9e et \u00e9quitable dans la GRC et la RNC, sans r\u00e9duire le soutien accord\u00e9 \u00e0 l&#8217;un ou l&#8217;autre service, afin de r\u00e9pondre aux besoins uniques de toutes les communaut\u00e9s de la province.<\/p>\n\n\n\n<p>Les uniformes peuvent diff\u00e9rer, mais la mission reste la m\u00eame. Nous sommes tous des agents de police engag\u00e9s dans la s\u00e9curit\u00e9 publique, et nous continuerons \u00e0 plaider en faveur d&#8217;un investissement soutenu et fond\u00e9 sur des donn\u00e9es probantes dans tous les services de police afin de servir au mieux la population de cette province. \u00bb<\/p>\n","protected":false},"excerpt":{"rendered":"<p>10 octobre 2025 St. John&#8217;s, Terre-Neuve-et-Labrador \u2013 Voici une d\u00e9claration du pr\u00e9sident et chef de la direction de la F\u00e9d\u00e9ration nationale de la police, Brian Sauv\u00e9, en r\u00e9ponse aux r\u00e9centes revendications concernant le financement \u00e9quitable des agents de police \u00e0 [&hellip;]<\/p>\n","protected":false},"featured_media":0,"template":"","news_type":[40],"audiences":[],"news_topics":[],"class_list":["post-63705","news","type-news","status-publish","hentry","news_type-media-releases-fr"],"acf":[],"yoast_head":"<!-- This site is optimized with the Yoast SEO plugin v27.4 - https:\/\/yoast.com\/product\/yoast-seo-wordpress\/ -->\n<title>D\u00e9claration aux m\u00e9dias : L&#039;appel de la NPF en faveur d&#039;un financement \u00e9quitable de la GRC n&#039;est pas une concurrence avec la Royal Newfoundland Constabulary - NPF-FPN<\/title>\n<meta name=\"robots\" content=\"index, follow, max-snippet:-1, max-image-preview:large, max-video-preview:-1\" \/>\n<link rel=\"canonical\" href=\"https:\/\/npf-fpn.com\/fr\/news-item\/declaration-aux-medias-lappel-de-la-npf-en-faveur-dun-financement-equitable-de-la-grc-nest-pas-une-concurrence-avec-la-royal-newfoundland-constabulary\/\" \/>\n<meta property=\"og:locale\" content=\"fr_FR\" \/>\n<meta property=\"og:type\" content=\"article\" \/>\n<meta property=\"og:title\" content=\"D\u00e9claration aux m\u00e9dias : L&#039;appel de la NPF en faveur d&#039;un financement \u00e9quitable de la GRC n&#039;est pas une concurrence avec la Royal Newfoundland Constabulary - NPF-FPN\" \/>\n<meta property=\"og:description\" content=\"10 octobre 2025 St. John&#8217;s, Terre-Neuve-et-Labrador \u2013 Voici une d\u00e9claration du pr\u00e9sident et chef de la direction de la F\u00e9d\u00e9ration nationale de la police, Brian Sauv\u00e9, en r\u00e9ponse aux r\u00e9centes revendications concernant le financement \u00e9quitable des agents de police \u00e0 [&hellip;]\" \/>\n<meta property=\"og:url\" content=\"https:\/\/npf-fpn.com\/fr\/news-item\/declaration-aux-medias-lappel-de-la-npf-en-faveur-dun-financement-equitable-de-la-grc-nest-pas-une-concurrence-avec-la-royal-newfoundland-constabulary\/\" \/>\n<meta property=\"og:site_name\" content=\"NPF-FPN\" \/>\n<meta property=\"article:modified_time\" content=\"2025-10-22T14:03:28+00:00\" \/>\n<meta name=\"twitter:card\" content=\"summary_large_image\" \/>\n<meta name=\"twitter:label1\" content=\"Est. reading time\" \/>\n\t<meta name=\"twitter:data1\" content=\"2 minutes\" \/>\n<script type=\"application\/ld+json\" class=\"yoast-schema-graph\">{\"@context\":\"https:\\\/\\\/schema.org\",\"@graph\":[{\"@type\":\"WebPage\",\"@id\":\"https:\\\/\\\/npf-fpn.com\\\/fr\\\/news-item\\\/declaration-aux-medias-lappel-de-la-npf-en-faveur-dun-financement-equitable-de-la-grc-nest-pas-une-concurrence-avec-la-royal-newfoundland-constabulary\\\/\",\"url\":\"https:\\\/\\\/npf-fpn.com\\\/fr\\\/news-item\\\/declaration-aux-medias-lappel-de-la-npf-en-faveur-dun-financement-equitable-de-la-grc-nest-pas-une-concurrence-avec-la-royal-newfoundland-constabulary\\\/\",\"name\":\"D\u00e9claration aux m\u00e9dias : L'appel de la NPF en faveur d'un financement \u00e9quitable de la GRC n'est pas une concurrence avec la Royal Newfoundland Constabulary - NPF-FPN\",\"isPartOf\":{\"@id\":\"https:\\\/\\\/npf-fpn.com\\\/#website\"},\"datePublished\":\"2025-10-22T14:03:26+00:00\",\"dateModified\":\"2025-10-22T14:03:28+00:00\",\"breadcrumb\":{\"@id\":\"https:\\\/\\\/npf-fpn.com\\\/fr\\\/news-item\\\/declaration-aux-medias-lappel-de-la-npf-en-faveur-dun-financement-equitable-de-la-grc-nest-pas-une-concurrence-avec-la-royal-newfoundland-constabulary\\\/#breadcrumb\"},\"inLanguage\":\"fr-FR\",\"potentialAction\":[{\"@type\":\"ReadAction\",\"target\":[\"https:\\\/\\\/npf-fpn.com\\\/fr\\\/news-item\\\/declaration-aux-medias-lappel-de-la-npf-en-faveur-dun-financement-equitable-de-la-grc-nest-pas-une-concurrence-avec-la-royal-newfoundland-constabulary\\\/\"]}]},{\"@type\":\"BreadcrumbList\",\"@id\":\"https:\\\/\\\/npf-fpn.com\\\/fr\\\/news-item\\\/declaration-aux-medias-lappel-de-la-npf-en-faveur-dun-financement-equitable-de-la-grc-nest-pas-une-concurrence-avec-la-royal-newfoundland-constabulary\\\/#breadcrumb\",\"itemListElement\":[{\"@type\":\"ListItem\",\"position\":1,\"name\":\"Accueil\",\"item\":\"https:\\\/\\\/npf-fpn.com\\\/fr\\\/\"},{\"@type\":\"ListItem\",\"position\":2,\"name\":\"D\u00e9claration aux m\u00e9dias : L&#8217;appel de la NPF en faveur d&#8217;un financement \u00e9quitable de la GRC n&#8217;est pas une concurrence avec la Royal Newfoundland Constabulary\"}]},{\"@type\":\"WebSite\",\"@id\":\"https:\\\/\\\/npf-fpn.com\\\/#website\",\"url\":\"https:\\\/\\\/npf-fpn.com\\\/\",\"name\":\"NPF-FPN\",\"description\":\"Providing strong, fair and progressive representation to almost 20,000 RCMP members across Canada.\",\"publisher\":{\"@id\":\"https:\\\/\\\/npf-fpn.com\\\/#organization\"},\"potentialAction\":[{\"@type\":\"SearchAction\",\"target\":{\"@type\":\"EntryPoint\",\"urlTemplate\":\"https:\\\/\\\/npf-fpn.com\\\/?s={search_term_string}\"},\"query-input\":{\"@type\":\"PropertyValueSpecification\",\"valueRequired\":true,\"valueName\":\"search_term_string\"}}],\"inLanguage\":\"fr-FR\"},{\"@type\":\"Organization\",\"@id\":\"https:\\\/\\\/npf-fpn.com\\\/#organization\",\"name\":\"NPF-FPN\",\"url\":\"https:\\\/\\\/npf-fpn.com\\\/\",\"logo\":{\"@type\":\"ImageObject\",\"inLanguage\":\"fr-FR\",\"@id\":\"https:\\\/\\\/npf-fpn.com\\\/#\\\/schema\\\/logo\\\/image\\\/\",\"url\":\"https:\\\/\\\/npf-fpn.com\\\/app\\\/uploads\\\/2022\\\/01\\\/NPF.jpg\",\"contentUrl\":\"https:\\\/\\\/npf-fpn.com\\\/app\\\/uploads\\\/2022\\\/01\\\/NPF.jpg\",\"width\":200,\"height\":200,\"caption\":\"NPF-FPN\"},\"image\":{\"@id\":\"https:\\\/\\\/npf-fpn.com\\\/#\\\/schema\\\/logo\\\/image\\\/\"}}]}<\/script>\n<!-- \/ Yoast SEO plugin. -->","yoast_head_json":{"title":"D\u00e9claration aux m\u00e9dias : L'appel de la NPF en faveur d'un financement \u00e9quitable de la GRC n'est pas une concurrence avec la Royal Newfoundland Constabulary - NPF-FPN","robots":{"index":"index","follow":"follow","max-snippet":"max-snippet:-1","max-image-preview":"max-image-preview:large","max-video-preview":"max-video-preview:-1"},"canonical":"https:\/\/npf-fpn.com\/fr\/news-item\/declaration-aux-medias-lappel-de-la-npf-en-faveur-dun-financement-equitable-de-la-grc-nest-pas-une-concurrence-avec-la-royal-newfoundland-constabulary\/","og_locale":"fr_FR","og_type":"article","og_title":"D\u00e9claration aux m\u00e9dias : L'appel de la NPF en faveur d'un financement \u00e9quitable de la GRC n'est pas une concurrence avec la Royal Newfoundland Constabulary - NPF-FPN","og_description":"10 octobre 2025 St. John&#8217;s, Terre-Neuve-et-Labrador \u2013 Voici une d\u00e9claration du pr\u00e9sident et chef de la direction de la F\u00e9d\u00e9ration nationale de la police, Brian Sauv\u00e9, en r\u00e9ponse aux r\u00e9centes revendications concernant le financement \u00e9quitable des agents de police \u00e0 [&hellip;]","og_url":"https:\/\/npf-fpn.com\/fr\/news-item\/declaration-aux-medias-lappel-de-la-npf-en-faveur-dun-financement-equitable-de-la-grc-nest-pas-une-concurrence-avec-la-royal-newfoundland-constabulary\/","og_site_name":"NPF-FPN","article_modified_time":"2025-10-22T14:03:28+00:00","twitter_card":"summary_large_image","twitter_misc":{"Est. reading time":"2 minutes"},"schema":{"@context":"https:\/\/schema.org","@graph":[{"@type":"WebPage","@id":"https:\/\/npf-fpn.com\/fr\/news-item\/declaration-aux-medias-lappel-de-la-npf-en-faveur-dun-financement-equitable-de-la-grc-nest-pas-une-concurrence-avec-la-royal-newfoundland-constabulary\/","url":"https:\/\/npf-fpn.com\/fr\/news-item\/declaration-aux-medias-lappel-de-la-npf-en-faveur-dun-financement-equitable-de-la-grc-nest-pas-une-concurrence-avec-la-royal-newfoundland-constabulary\/","name":"D\u00e9claration aux m\u00e9dias : L'appel de la NPF en faveur d'un financement \u00e9quitable de la GRC n'est pas une concurrence avec la Royal Newfoundland Constabulary - NPF-FPN","isPartOf":{"@id":"https:\/\/npf-fpn.com\/#website"},"datePublished":"2025-10-22T14:03:26+00:00","dateModified":"2025-10-22T14:03:28+00:00","breadcrumb":{"@id":"https:\/\/npf-fpn.com\/fr\/news-item\/declaration-aux-medias-lappel-de-la-npf-en-faveur-dun-financement-equitable-de-la-grc-nest-pas-une-concurrence-avec-la-royal-newfoundland-constabulary\/#breadcrumb"},"inLanguage":"fr-FR","potentialAction":[{"@type":"ReadAction","target":["https:\/\/npf-fpn.com\/fr\/news-item\/declaration-aux-medias-lappel-de-la-npf-en-faveur-dun-financement-equitable-de-la-grc-nest-pas-une-concurrence-avec-la-royal-newfoundland-constabulary\/"]}]},{"@type":"BreadcrumbList","@id":"https:\/\/npf-fpn.com\/fr\/news-item\/declaration-aux-medias-lappel-de-la-npf-en-faveur-dun-financement-equitable-de-la-grc-nest-pas-une-concurrence-avec-la-royal-newfoundland-constabulary\/#breadcrumb","itemListElement":[{"@type":"ListItem","position":1,"name":"Accueil","item":"https:\/\/npf-fpn.com\/fr\/"},{"@type":"ListItem","position":2,"name":"D\u00e9claration aux m\u00e9dias : L&#8217;appel de la NPF en faveur d&#8217;un financement \u00e9quitable de la GRC n&#8217;est pas une concurrence avec la Royal Newfoundland Constabulary"}]},{"@type":"WebSite","@id":"https:\/\/npf-fpn.com\/#website","url":"https:\/\/npf-fpn.com\/","name":"NPF-FPN","description":"Providing strong, fair and progressive representation to almost 20,000 RCMP members across Canada.","publisher":{"@id":"https:\/\/npf-fpn.com\/#organization"},"potentialAction":[{"@type":"SearchAction","target":{"@type":"EntryPoint","urlTemplate":"https:\/\/npf-fpn.com\/?s={search_term_string}"},"query-input":{"@type":"PropertyValueSpecification","valueRequired":true,"valueName":"search_term_string"}}],"inLanguage":"fr-FR"},{"@type":"Organization","@id":"https:\/\/npf-fpn.com\/#organization","name":"NPF-FPN","url":"https:\/\/npf-fpn.com\/","logo":{"@type":"ImageObject","inLanguage":"fr-FR","@id":"https:\/\/npf-fpn.com\/#\/schema\/logo\/image\/","url":"https:\/\/npf-fpn.com\/app\/uploads\/2022\/01\/NPF.jpg","contentUrl":"https:\/\/npf-fpn.com\/app\/uploads\/2022\/01\/NPF.jpg","width":200,"height":200,"caption":"NPF-FPN"},"image":{"@id":"https:\/\/npf-fpn.com\/#\/schema\/logo\/image\/"}}]}},"_links":{"self":[{"href":"https:\/\/npf-fpn.com\/fr\/wp-json\/wp\/v2\/news\/63705","targetHints":{"allow":["GET"]}}],"collection":[{"href":"https:\/\/npf-fpn.com\/fr\/wp-json\/wp\/v2\/news"}],"about":[{"href":"https:\/\/npf-fpn.com\/fr\/wp-json\/wp\/v2\/types\/news"}],"wp:attachment":[{"href":"https:\/\/npf-fpn.com\/fr\/wp-json\/wp\/v2\/media?parent=63705"}],"wp:term":[{"taxonomy":"news_type","embeddable":true,"href":"https:\/\/npf-fpn.com\/fr\/wp-json\/wp\/v2\/news_type?post=63705"},{"taxonomy":"audiences","embeddable":true,"href":"https:\/\/npf-fpn.com\/fr\/wp-json\/wp\/v2\/audiences?post=63705"},{"taxonomy":"news_topics","embeddable":true,"href":"https:\/\/npf-fpn.com\/fr\/wp-json\/wp\/v2\/news_topics?post=63705"}],"curies":[{"name":"wp","href":"https:\/\/api.w.org\/{rel}","templated":true}]}}