{"id":63595,"date":"2025-10-16T22:48:49","date_gmt":"2025-10-16T22:48:49","guid":{"rendered":"https:\/\/npf-fpn.com\/?post_type=news&#038;p=63595"},"modified":"2025-10-16T22:48:50","modified_gmt":"2025-10-16T22:48:50","slug":"communique-de-presse-la-federation-de-la-police-nationale-salue-linvestissement-federal-dans-lallocation-de-formation-de-la-grc-et-le-renforcement-du-code-criminel-du-canada","status":"publish","type":"news","link":"https:\/\/npf-fpn.com\/fr\/news-item\/communique-de-presse-la-federation-de-la-police-nationale-salue-linvestissement-federal-dans-lallocation-de-formation-de-la-grc-et-le-renforcement-du-code-criminel-du-canada\/","title":{"rendered":"Communiqu\u00e9 de presse : La F\u00e9d\u00e9ration de la police nationale salue l&#8217;investissement f\u00e9d\u00e9ral dans l&#8217;allocation de formation de la GRC et le renforcement du Code criminel du Canada\u00a0"},"content":{"rendered":"\n<p><strong>16 octobre 2025\u00a0<\/strong><\/p>\n\n\n\n<p>Toronto, Ontario \u2013 Voici la d\u00e9claration du pr\u00e9sident-directeur g\u00e9n\u00e9ral de la F\u00e9d\u00e9ration de la police nationale, Brian Sauv\u00e9, \u00e0 la suite de l&#8217;annonce faite aujourd&#8217;hui par le gouvernement du Canada concernant l\u2019augmentation de l&#8217;allocation de formation des cadets de la GRC, la r\u00e9affirmation de l\u2019engagement \u00e0 embaucher de 1 000 nouveaux membres du personnel de la GRC et le renforcement du <em>Code criminel<\/em> du Canada afin de lutter contre les r\u00e9cidivistes et les d\u00e9linquants violents.&nbsp;&nbsp;<\/p>\n\n\n\n<p>\u00ab La F\u00e9d\u00e9ration de la police nationale milite depuis longtemps en faveur d&#8217;une allocation de formation \u00e9quitable et comp\u00e9titive pour les cadets de la GRC, qui repr\u00e9sentent l&#8217;avenir du service de police national du Canada. L&#8217;annonce faite aujourd&#8217;hui d&#8217;augmenter l&#8217;allocation de formation des cadets de 525 $ \u00e0 1 000 $ par semaine, marque une \u00e9tape importante et bienvenue vers la modernisation du recrutement de la GRC et un meilleur soutien \u00e0 ceux qui r\u00e9pondent \u00e0 l&#8217;appel du service.&nbsp;<\/p>\n\n\n\n<p>Cet investissement \u00e9limine un obstacle financier majeur pour les nouvelles recrues et aidera la GRC \u00e0 continuer d&#8217;attirer les meilleurs candidats sur un march\u00e9 du travail hautement concurrentiel.&nbsp;&nbsp;<\/p>\n\n\n\n<p>Nous saluons \u00e9galement le renouvellement de l\u2019engagement du gouvernement f\u00e9d\u00e9ral \u00e0 embaucher&nbsp;&nbsp;&nbsp;&nbsp;&nbsp; 1 000 nouveaux membres du personnel de la GRC. L&#8217;augmentation du nombre d&#8217;agents de police asserment\u00e9s est une \u00e9tape cruciale pour renforcer la s\u00e9curit\u00e9 publique et r\u00e9pondre aux besoins changeants des communaut\u00e9s partout au Canada. La FPN souligne l&#8217;importance de veiller \u00e0 ce que ces nouveaux postes soient tous occup\u00e9s par des membres asserment\u00e9s, car les Canadiens s&#8217;attendent \u00e0 ce que des agents de police bien form\u00e9s et responsables servent nos communaut\u00e9s, et ils le m\u00e9ritent.&nbsp;&nbsp;<\/p>\n\n\n\n<p>Nous attendons avec impatience d&#8217;examiner le prochain projet de loi du gouvernement sur la r\u00e9forme de la mise en libert\u00e9 sous caution. Les mesures pr\u00e9sent\u00e9es aujourd&#8217;hui semblent prometteuses, et nous nous r\u00e9jouissons de la poursuite de la collaboration visant \u00e0 renforcer le cadre de s\u00e9curit\u00e9 publique du Canada et \u00e0 apporter des am\u00e9liorations significatives tant pour nos membres que pour les Canadiens qu&#8217;ils servent. \u00bb&nbsp;&nbsp;<\/p>\n\n\n\n<p><strong>\u00c0 propos de la F\u00e9d\u00e9ration de la police nationale :\u202f&nbsp;<\/strong>&nbsp;<\/p>\n\n\n\n<p>La F\u00e9d\u00e9ration de la police nationale (FPN) repr\u00e9sente environ 20 000 membres de la GRC en service au Canada et \u00e0 l&#8217;\u00e9tranger. Nous sommes le plus grand syndicat de policiers au Canada. La FPN se concentre sur l&#8217;am\u00e9lioration de la s\u00e9curit\u00e9 publique pour tous les Canadiens, y compris nos membres, en plaidant en faveur d&#8217;investissements indispensables dans le continuum de la s\u00e9curit\u00e9 publique. Cela comprend des investissements dans les ressources polici\u00e8res et les \u00e9quipements modernes, ainsi que dans des programmes sociaux tels que la sant\u00e9, la lutte contre la toxicomanie et l&#8217;aide au logement, afin d&#8217;am\u00e9liorer la s\u00e9curit\u00e9 et la qualit\u00e9 de vie dans les nombreuses communaut\u00e9s, grandes et petites, que nous servons partout au Canada.&nbsp;&nbsp;<\/p>\n\n\n\n<p>Pour plus d&#8217;informations : <a href=\"https:\/\/npf-fpn.com\/a\" target=\"_blank\" rel=\"noreferrer noopener\">https:\/\/npf-fpn.com\/<\/a>&nbsp;<\/p>\n\n\n\n<p>Suivez-nous :\u00a0<br>FPN :\u00a0 <a href=\"https:\/\/www.linkedin.com\/company\/nationalpolicefederation\" target=\"_blank\" rel=\"noreferrer noopener\">LinkedIn, <\/a><a href=\"https:\/\/www.facebook.com\/nationalpolicefederation\/\" target=\"_blank\" rel=\"noreferrer noopener\">Facebook, <\/a><a href=\"https:\/\/twitter.com\/npffpn\" target=\"_blank\" rel=\"noreferrer noopener\">Twitter<\/a> et <a href=\"https:\/\/www.instagram.com\/npf_fpn\/\" target=\"_blank\" rel=\"noreferrer noopener\">Instagram<\/a>\u00a0<\/p>\n\n\n\n<p><strong>Contact m\u00e9dias&nbsp;<\/strong>&nbsp;<\/p>\n\n\n\n<p>Sarah Kavanagh&nbsp;<br>Conseill\u00e8re, Relations avec les m\u00e9dias&nbsp;<br><a href=\"mailto:media@npf-fpn.com\" target=\"_blank\" rel=\"noreferrer noopener\">media@npf-fpn.com<\/a>&nbsp;<br>(604) 842-6864&nbsp;<\/p>\n","protected":false},"excerpt":{"rendered":"<p>16 octobre 2025\u00a0 Toronto, Ontario \u2013 Voici la d\u00e9claration du pr\u00e9sident-directeur g\u00e9n\u00e9ral de la F\u00e9d\u00e9ration de la police nationale, Brian Sauv\u00e9, \u00e0 la suite de l&#8217;annonce faite aujourd&#8217;hui par le gouvernement du Canada concernant l\u2019augmentation de l&#8217;allocation de formation des [&hellip;]<\/p>\n","protected":false},"featured_media":0,"template":"","news_type":[40],"audiences":[],"news_topics":[],"class_list":["post-63595","news","type-news","status-publish","hentry","news_type-media-releases-fr"],"acf":[],"yoast_head":"<!-- This site is optimized with the Yoast SEO plugin v27.4 - https:\/\/yoast.com\/product\/yoast-seo-wordpress\/ -->\n<title>Communiqu\u00e9 de presse : La F\u00e9d\u00e9ration de la police nationale salue l&#039;investissement f\u00e9d\u00e9ral dans l&#039;allocation de formation de la GRC et le renforcement du Code criminel du Canada\u00a0 - NPF-FPN<\/title>\n<meta name=\"robots\" content=\"index, follow, max-snippet:-1, max-image-preview:large, max-video-preview:-1\" \/>\n<link rel=\"canonical\" href=\"https:\/\/npf-fpn.com\/fr\/news-item\/communique-de-presse-la-federation-de-la-police-nationale-salue-linvestissement-federal-dans-lallocation-de-formation-de-la-grc-et-le-renforcement-du-code-criminel-du-canada\/\" \/>\n<meta property=\"og:locale\" content=\"fr_FR\" \/>\n<meta property=\"og:type\" content=\"article\" \/>\n<meta property=\"og:title\" content=\"Communiqu\u00e9 de presse : La F\u00e9d\u00e9ration de la police nationale salue l&#039;investissement f\u00e9d\u00e9ral dans l&#039;allocation de formation de la GRC et le renforcement du Code criminel du Canada\u00a0 - NPF-FPN\" \/>\n<meta property=\"og:description\" content=\"16 octobre 2025\u00a0 Toronto, Ontario \u2013 Voici la d\u00e9claration du pr\u00e9sident-directeur g\u00e9n\u00e9ral de la F\u00e9d\u00e9ration de la police nationale, Brian Sauv\u00e9, \u00e0 la suite de l&#8217;annonce faite aujourd&#8217;hui par le gouvernement du Canada concernant l\u2019augmentation de l&#8217;allocation de formation des [&hellip;]\" \/>\n<meta property=\"og:url\" content=\"https:\/\/npf-fpn.com\/fr\/news-item\/communique-de-presse-la-federation-de-la-police-nationale-salue-linvestissement-federal-dans-lallocation-de-formation-de-la-grc-et-le-renforcement-du-code-criminel-du-canada\/\" \/>\n<meta property=\"og:site_name\" content=\"NPF-FPN\" \/>\n<meta property=\"article:modified_time\" content=\"2025-10-16T22:48:50+00:00\" \/>\n<meta name=\"twitter:card\" content=\"summary_large_image\" \/>\n<meta name=\"twitter:label1\" content=\"Est. reading time\" \/>\n\t<meta name=\"twitter:data1\" content=\"3 minutes\" \/>\n<script type=\"application\/ld+json\" class=\"yoast-schema-graph\">{\"@context\":\"https:\\\/\\\/schema.org\",\"@graph\":[{\"@type\":\"WebPage\",\"@id\":\"https:\\\/\\\/npf-fpn.com\\\/fr\\\/news-item\\\/communique-de-presse-la-federation-de-la-police-nationale-salue-linvestissement-federal-dans-lallocation-de-formation-de-la-grc-et-le-renforcement-du-code-criminel-du-canada\\\/\",\"url\":\"https:\\\/\\\/npf-fpn.com\\\/fr\\\/news-item\\\/communique-de-presse-la-federation-de-la-police-nationale-salue-linvestissement-federal-dans-lallocation-de-formation-de-la-grc-et-le-renforcement-du-code-criminel-du-canada\\\/\",\"name\":\"Communiqu\u00e9 de presse : La F\u00e9d\u00e9ration de la police nationale salue l'investissement f\u00e9d\u00e9ral dans l'allocation de formation de la GRC et le renforcement du Code criminel du Canada\u00a0 - NPF-FPN\",\"isPartOf\":{\"@id\":\"https:\\\/\\\/npf-fpn.com\\\/#website\"},\"datePublished\":\"2025-10-16T22:48:49+00:00\",\"dateModified\":\"2025-10-16T22:48:50+00:00\",\"breadcrumb\":{\"@id\":\"https:\\\/\\\/npf-fpn.com\\\/fr\\\/news-item\\\/communique-de-presse-la-federation-de-la-police-nationale-salue-linvestissement-federal-dans-lallocation-de-formation-de-la-grc-et-le-renforcement-du-code-criminel-du-canada\\\/#breadcrumb\"},\"inLanguage\":\"fr-FR\",\"potentialAction\":[{\"@type\":\"ReadAction\",\"target\":[\"https:\\\/\\\/npf-fpn.com\\\/fr\\\/news-item\\\/communique-de-presse-la-federation-de-la-police-nationale-salue-linvestissement-federal-dans-lallocation-de-formation-de-la-grc-et-le-renforcement-du-code-criminel-du-canada\\\/\"]}]},{\"@type\":\"BreadcrumbList\",\"@id\":\"https:\\\/\\\/npf-fpn.com\\\/fr\\\/news-item\\\/communique-de-presse-la-federation-de-la-police-nationale-salue-linvestissement-federal-dans-lallocation-de-formation-de-la-grc-et-le-renforcement-du-code-criminel-du-canada\\\/#breadcrumb\",\"itemListElement\":[{\"@type\":\"ListItem\",\"position\":1,\"name\":\"Accueil\",\"item\":\"https:\\\/\\\/npf-fpn.com\\\/fr\\\/\"},{\"@type\":\"ListItem\",\"position\":2,\"name\":\"Communiqu\u00e9 de presse : La F\u00e9d\u00e9ration de la police nationale salue l&#8217;investissement f\u00e9d\u00e9ral dans l&#8217;allocation de formation de la GRC et le renforcement du Code criminel du Canada\u00a0\"}]},{\"@type\":\"WebSite\",\"@id\":\"https:\\\/\\\/npf-fpn.com\\\/#website\",\"url\":\"https:\\\/\\\/npf-fpn.com\\\/\",\"name\":\"NPF-FPN\",\"description\":\"Providing strong, fair and progressive representation to almost 20,000 RCMP members across Canada.\",\"publisher\":{\"@id\":\"https:\\\/\\\/npf-fpn.com\\\/#organization\"},\"potentialAction\":[{\"@type\":\"SearchAction\",\"target\":{\"@type\":\"EntryPoint\",\"urlTemplate\":\"https:\\\/\\\/npf-fpn.com\\\/?s={search_term_string}\"},\"query-input\":{\"@type\":\"PropertyValueSpecification\",\"valueRequired\":true,\"valueName\":\"search_term_string\"}}],\"inLanguage\":\"fr-FR\"},{\"@type\":\"Organization\",\"@id\":\"https:\\\/\\\/npf-fpn.com\\\/#organization\",\"name\":\"NPF-FPN\",\"url\":\"https:\\\/\\\/npf-fpn.com\\\/\",\"logo\":{\"@type\":\"ImageObject\",\"inLanguage\":\"fr-FR\",\"@id\":\"https:\\\/\\\/npf-fpn.com\\\/#\\\/schema\\\/logo\\\/image\\\/\",\"url\":\"https:\\\/\\\/npf-fpn.com\\\/app\\\/uploads\\\/2022\\\/01\\\/NPF.jpg\",\"contentUrl\":\"https:\\\/\\\/npf-fpn.com\\\/app\\\/uploads\\\/2022\\\/01\\\/NPF.jpg\",\"width\":200,\"height\":200,\"caption\":\"NPF-FPN\"},\"image\":{\"@id\":\"https:\\\/\\\/npf-fpn.com\\\/#\\\/schema\\\/logo\\\/image\\\/\"}}]}<\/script>\n<!-- \/ Yoast SEO plugin. -->","yoast_head_json":{"title":"Communiqu\u00e9 de presse : La F\u00e9d\u00e9ration de la police nationale salue l'investissement f\u00e9d\u00e9ral dans l'allocation de formation de la GRC et le renforcement du Code criminel du Canada\u00a0 - NPF-FPN","robots":{"index":"index","follow":"follow","max-snippet":"max-snippet:-1","max-image-preview":"max-image-preview:large","max-video-preview":"max-video-preview:-1"},"canonical":"https:\/\/npf-fpn.com\/fr\/news-item\/communique-de-presse-la-federation-de-la-police-nationale-salue-linvestissement-federal-dans-lallocation-de-formation-de-la-grc-et-le-renforcement-du-code-criminel-du-canada\/","og_locale":"fr_FR","og_type":"article","og_title":"Communiqu\u00e9 de presse : La F\u00e9d\u00e9ration de la police nationale salue l'investissement f\u00e9d\u00e9ral dans l'allocation de formation de la GRC et le renforcement du Code criminel du Canada\u00a0 - NPF-FPN","og_description":"16 octobre 2025\u00a0 Toronto, Ontario \u2013 Voici la d\u00e9claration du pr\u00e9sident-directeur g\u00e9n\u00e9ral de la F\u00e9d\u00e9ration de la police nationale, Brian Sauv\u00e9, \u00e0 la suite de l&#8217;annonce faite aujourd&#8217;hui par le gouvernement du Canada concernant l\u2019augmentation de l&#8217;allocation de formation des [&hellip;]","og_url":"https:\/\/npf-fpn.com\/fr\/news-item\/communique-de-presse-la-federation-de-la-police-nationale-salue-linvestissement-federal-dans-lallocation-de-formation-de-la-grc-et-le-renforcement-du-code-criminel-du-canada\/","og_site_name":"NPF-FPN","article_modified_time":"2025-10-16T22:48:50+00:00","twitter_card":"summary_large_image","twitter_misc":{"Est. reading time":"3 minutes"},"schema":{"@context":"https:\/\/schema.org","@graph":[{"@type":"WebPage","@id":"https:\/\/npf-fpn.com\/fr\/news-item\/communique-de-presse-la-federation-de-la-police-nationale-salue-linvestissement-federal-dans-lallocation-de-formation-de-la-grc-et-le-renforcement-du-code-criminel-du-canada\/","url":"https:\/\/npf-fpn.com\/fr\/news-item\/communique-de-presse-la-federation-de-la-police-nationale-salue-linvestissement-federal-dans-lallocation-de-formation-de-la-grc-et-le-renforcement-du-code-criminel-du-canada\/","name":"Communiqu\u00e9 de presse : La F\u00e9d\u00e9ration de la police nationale salue l'investissement f\u00e9d\u00e9ral dans l'allocation de formation de la GRC et le renforcement du Code criminel du Canada\u00a0 - NPF-FPN","isPartOf":{"@id":"https:\/\/npf-fpn.com\/#website"},"datePublished":"2025-10-16T22:48:49+00:00","dateModified":"2025-10-16T22:48:50+00:00","breadcrumb":{"@id":"https:\/\/npf-fpn.com\/fr\/news-item\/communique-de-presse-la-federation-de-la-police-nationale-salue-linvestissement-federal-dans-lallocation-de-formation-de-la-grc-et-le-renforcement-du-code-criminel-du-canada\/#breadcrumb"},"inLanguage":"fr-FR","potentialAction":[{"@type":"ReadAction","target":["https:\/\/npf-fpn.com\/fr\/news-item\/communique-de-presse-la-federation-de-la-police-nationale-salue-linvestissement-federal-dans-lallocation-de-formation-de-la-grc-et-le-renforcement-du-code-criminel-du-canada\/"]}]},{"@type":"BreadcrumbList","@id":"https:\/\/npf-fpn.com\/fr\/news-item\/communique-de-presse-la-federation-de-la-police-nationale-salue-linvestissement-federal-dans-lallocation-de-formation-de-la-grc-et-le-renforcement-du-code-criminel-du-canada\/#breadcrumb","itemListElement":[{"@type":"ListItem","position":1,"name":"Accueil","item":"https:\/\/npf-fpn.com\/fr\/"},{"@type":"ListItem","position":2,"name":"Communiqu\u00e9 de presse : La F\u00e9d\u00e9ration de la police nationale salue l&#8217;investissement f\u00e9d\u00e9ral dans l&#8217;allocation de formation de la GRC et le renforcement du Code criminel du Canada\u00a0"}]},{"@type":"WebSite","@id":"https:\/\/npf-fpn.com\/#website","url":"https:\/\/npf-fpn.com\/","name":"NPF-FPN","description":"Providing strong, fair and progressive representation to almost 20,000 RCMP members across Canada.","publisher":{"@id":"https:\/\/npf-fpn.com\/#organization"},"potentialAction":[{"@type":"SearchAction","target":{"@type":"EntryPoint","urlTemplate":"https:\/\/npf-fpn.com\/?s={search_term_string}"},"query-input":{"@type":"PropertyValueSpecification","valueRequired":true,"valueName":"search_term_string"}}],"inLanguage":"fr-FR"},{"@type":"Organization","@id":"https:\/\/npf-fpn.com\/#organization","name":"NPF-FPN","url":"https:\/\/npf-fpn.com\/","logo":{"@type":"ImageObject","inLanguage":"fr-FR","@id":"https:\/\/npf-fpn.com\/#\/schema\/logo\/image\/","url":"https:\/\/npf-fpn.com\/app\/uploads\/2022\/01\/NPF.jpg","contentUrl":"https:\/\/npf-fpn.com\/app\/uploads\/2022\/01\/NPF.jpg","width":200,"height":200,"caption":"NPF-FPN"},"image":{"@id":"https:\/\/npf-fpn.com\/#\/schema\/logo\/image\/"}}]}},"_links":{"self":[{"href":"https:\/\/npf-fpn.com\/fr\/wp-json\/wp\/v2\/news\/63595","targetHints":{"allow":["GET"]}}],"collection":[{"href":"https:\/\/npf-fpn.com\/fr\/wp-json\/wp\/v2\/news"}],"about":[{"href":"https:\/\/npf-fpn.com\/fr\/wp-json\/wp\/v2\/types\/news"}],"wp:attachment":[{"href":"https:\/\/npf-fpn.com\/fr\/wp-json\/wp\/v2\/media?parent=63595"}],"wp:term":[{"taxonomy":"news_type","embeddable":true,"href":"https:\/\/npf-fpn.com\/fr\/wp-json\/wp\/v2\/news_type?post=63595"},{"taxonomy":"audiences","embeddable":true,"href":"https:\/\/npf-fpn.com\/fr\/wp-json\/wp\/v2\/audiences?post=63595"},{"taxonomy":"news_topics","embeddable":true,"href":"https:\/\/npf-fpn.com\/fr\/wp-json\/wp\/v2\/news_topics?post=63595"}],"curies":[{"name":"wp","href":"https:\/\/api.w.org\/{rel}","templated":true}]}}