{"id":61062,"date":"2025-07-07T18:36:23","date_gmt":"2025-07-07T18:36:23","guid":{"rendered":"https:\/\/npf-fpn.com\/?post_type=news&#038;p=61062"},"modified":"2025-07-07T18:36:24","modified_gmt":"2025-07-07T18:36:24","slug":"la-npf-soppose-a-linitiative-provinciale-partiale-de-lalberta-en-matiere-de-police-et-redonne-un-nouvel-elan-a-linitiative-keep-alberta-rcmp-sent-maintenez-la-grc-en-alberta","status":"publish","type":"news","link":"https:\/\/npf-fpn.com\/fr\/news-item\/la-npf-soppose-a-linitiative-provinciale-partiale-de-lalberta-en-matiere-de-police-et-redonne-un-nouvel-elan-a-linitiative-keep-alberta-rcmp-sent-maintenez-la-grc-en-alberta\/","title":{"rendered":"La NPF s&#8217;oppose \u00e0 l&#8217;initiative provinciale partiale de l&#8217;Alberta en mati\u00e8re de police et redonne un nouvel \u00e9lan \u00e0 l&#8217;initiative \u00ab Keep Alberta RCMP sent \u00bb (Maintenez la GRC en Alberta)"},"content":{"rendered":"\n<p>Comme vous l&#8217;avez probablement vu ou entendu, le gouvernement de l&#8217;Alberta a annonc\u00e9 la cr\u00e9ation du Service de police des sh\u00e9rifs de l&#8217;Alberta, nouvelle version du Service de police provincial de l&#8217;Alberta pr\u00e9c\u00e9demment propos\u00e9, et a nomm\u00e9 son chef. La province affirme que cette d\u00e9cision fait suite au manque de clart\u00e9 concernant le renouvellement des contrats de la GRC au-del\u00e0 de 2032, malgr\u00e9 la clarification apport\u00e9e par le gouvernement pr\u00e9c\u00e9dent selon laquelle les contrats seraient renouvel\u00e9s. &nbsp;<\/p>\n\n\n\n<p>Cette annonce fait suite au lancement r\u00e9cent de l&#8217;enqu\u00eate, du panel et de la tourn\u00e9e de pr\u00e9sentation&nbsp;<a href=\"https:\/\/www.albertanextpanel.ca\/\" target=\"_blank\" rel=\"noreferrer noopener\">Alberta Next<\/a>&nbsp;(en anglais seulement), tr\u00e8s politis\u00e9s et clairement biais\u00e9s, qui visent \u00e0 promouvoir le service de police provincial \u2013 une id\u00e9e co\u00fbteuse et vou\u00e9e \u00e0 l&#8217;\u00e9chec qui a toujours \u00e9t\u00e9 rejet\u00e9e par les Albertains depuis la cr\u00e9ation du Fair Deal Panel qui a \u00e9t\u00e9 annonc\u00e9 en 2019. &nbsp;&nbsp;<\/p>\n\n\n\n<p>Compte tenu de ces deux annonces, nous pr\u00e9voyons des discussions \u00e0 travers le Canada sur les implications pour la GRC en Alberta et ailleurs. &nbsp;&nbsp;<\/p>\n\n\n\n<p>Nous avons fait savoir \u00e0 maintes reprises au gouvernement provincial que des&nbsp;<a href=\"https:\/\/npf-fpn.com\/app\/uploads\/securepdfs\/2024\/08\/National-Police-Federation-Pollara-Alberta-Results-Summer-2024.pdf\" target=\"_blank\" rel=\"noreferrer noopener\">sondages d&#8217;opinion<\/a><a href=\"https:\/\/npf-fpn.com\/app\/uploads\/securepdfs\/2024\/08\/National-Police-Federation-Pollara-Alberta-Results-Summer-2024.pdf\" target=\"_blank\" rel=\"noreferrer noopener\">&nbsp;ind\u00e9pendants coh\u00e9rents<\/a>&nbsp;ont montr\u00e9 qu&#8217;environ 86 % des Albertains vivant dans les zones rurales et desservies par la GRC souhaitent conserver la GRC dans leurs communaut\u00e9s, seule une petite minorit\u00e9 de 7 % \u00e9tant int\u00e9ress\u00e9e par le passage \u00e0 un nouveau service de police. Ces niveaux \u00e9lev\u00e9s de soutien et de satisfaction refl\u00e8tent le professionnalisme et le d\u00e9vouement dont vous faites preuve au quotidien. &nbsp;<\/p>\n\n\n\n<p>Depuis plusieurs ann\u00e9es, la campagne \u00ab&nbsp;<a href=\"https:\/\/www.keepalbertarcmp.ca\/\" target=\"_blank\" rel=\"noreferrer noopener\">Keep Alberta RCMP<\/a>&nbsp;\u00bb (Gardons la GRC en Alberta) de la NPF a mobilis\u00e9 le soutien des municipalit\u00e9s et de dizaines de milliers d&#8217;Albertains. Nous redoublerons d&#8217;efforts pour corriger les informations erron\u00e9es et exiger, \u00e0 tout le moins, que le gouvernement mette en place un processus de consultation publique \u00e9quitable et transparent en Alberta afin d&#8217;entendre directement les Albertains qui souhaitent que leurs membres d\u00e9vou\u00e9s restent dans leurs communaut\u00e9s et leur province.&nbsp;<\/p>\n\n\n\n<p>Nous savons que les critiques du gouvernement et la couverture m\u00e9diatique n\u00e9gative sont d\u00e9moralisantes, mais sachez que vous b\u00e9n\u00e9ficiez d&#8217;un fort soutien public et que nous vous soutenons. Nous continuerons \u00e0 vous tenir inform\u00e9s de nos efforts au fur et \u00e0 mesure de l&#8217;avancement de la campagne. Pour l&#8217;instant, prenez soin les uns des autres, ignorez le bruit et merci pour votre service.<\/p>\n\n\n\n<p>Sinc\u00e8res salutations,<\/p>\n\n\n\n<figure class=\"wp-block-image size-full is-resized\"><img decoding=\"async\" width=\"673\" height=\"334\" src=\"https:\/\/npf-fpn.com\/app\/uploads\/2025\/06\/Brian_FR-1-1.png\" alt=\"\" class=\"wp-image-60761\" style=\"width:262px;height:auto\" srcset=\"https:\/\/npf-fpn.com\/app\/uploads\/2025\/06\/Brian_FR-1-1.png 673w, https:\/\/npf-fpn.com\/app\/uploads\/2025\/06\/Brian_FR-1-1-300x149.png 300w, https:\/\/npf-fpn.com\/app\/uploads\/2025\/06\/Brian_FR-1-1-390x194.png 390w, https:\/\/npf-fpn.com\/app\/uploads\/2025\/06\/Brian_FR-1-1-600x298.png 600w\" sizes=\"(max-width: 673px) 100vw, 673px\" \/><\/figure>\n","protected":false},"excerpt":{"rendered":"<p>Comme vous l&#8217;avez probablement vu ou entendu, le gouvernement de l&#8217;Alberta a annonc\u00e9 la cr\u00e9ation du Service de police des sh\u00e9rifs de l&#8217;Alberta, nouvelle version du Service de police provincial de l&#8217;Alberta pr\u00e9c\u00e9demment propos\u00e9, et a nomm\u00e9 son chef. La [&hellip;]<\/p>\n","protected":false},"featured_media":0,"template":"","news_type":[],"audiences":[],"news_topics":[],"class_list":["post-61062","news","type-news","status-publish","hentry"],"acf":[],"yoast_head":"<!-- This site is optimized with the Yoast SEO plugin v27.4 - https:\/\/yoast.com\/product\/yoast-seo-wordpress\/ -->\n<title>La NPF s&#039;oppose \u00e0 l&#039;initiative provinciale partiale de l&#039;Alberta en mati\u00e8re de police et redonne un nouvel \u00e9lan \u00e0 l&#039;initiative \u00ab Keep Alberta RCMP sent \u00bb (Maintenez la GRC en Alberta) - NPF-FPN<\/title>\n<meta name=\"robots\" content=\"index, follow, max-snippet:-1, max-image-preview:large, max-video-preview:-1\" \/>\n<link rel=\"canonical\" href=\"https:\/\/npf-fpn.com\/fr\/news-item\/la-npf-soppose-a-linitiative-provinciale-partiale-de-lalberta-en-matiere-de-police-et-redonne-un-nouvel-elan-a-linitiative-keep-alberta-rcmp-sent-maintenez-la-grc-en-alberta\/\" \/>\n<meta property=\"og:locale\" content=\"fr_FR\" \/>\n<meta property=\"og:type\" content=\"article\" \/>\n<meta property=\"og:title\" content=\"La NPF s&#039;oppose \u00e0 l&#039;initiative provinciale partiale de l&#039;Alberta en mati\u00e8re de police et redonne un nouvel \u00e9lan \u00e0 l&#039;initiative \u00ab Keep Alberta RCMP sent \u00bb (Maintenez la GRC en Alberta) - NPF-FPN\" \/>\n<meta property=\"og:description\" content=\"Comme vous l&#8217;avez probablement vu ou entendu, le gouvernement de l&#8217;Alberta a annonc\u00e9 la cr\u00e9ation du Service de police des sh\u00e9rifs de l&#8217;Alberta, nouvelle version du Service de police provincial de l&#8217;Alberta pr\u00e9c\u00e9demment propos\u00e9, et a nomm\u00e9 son chef. La [&hellip;]\" \/>\n<meta property=\"og:url\" content=\"https:\/\/npf-fpn.com\/fr\/news-item\/la-npf-soppose-a-linitiative-provinciale-partiale-de-lalberta-en-matiere-de-police-et-redonne-un-nouvel-elan-a-linitiative-keep-alberta-rcmp-sent-maintenez-la-grc-en-alberta\/\" \/>\n<meta property=\"og:site_name\" content=\"NPF-FPN\" \/>\n<meta property=\"article:modified_time\" content=\"2025-07-07T18:36:24+00:00\" \/>\n<meta property=\"og:image\" content=\"https:\/\/npf-fpn.com\/app\/uploads\/2025\/06\/Brian_FR-1-1.png\" \/>\n\t<meta property=\"og:image:width\" content=\"673\" \/>\n\t<meta property=\"og:image:height\" content=\"334\" \/>\n\t<meta property=\"og:image:type\" content=\"image\/png\" \/>\n<meta name=\"twitter:card\" content=\"summary_large_image\" \/>\n<meta name=\"twitter:label1\" content=\"Est. reading time\" \/>\n\t<meta name=\"twitter:data1\" content=\"2 minutes\" \/>\n<script type=\"application\/ld+json\" class=\"yoast-schema-graph\">{\"@context\":\"https:\\\/\\\/schema.org\",\"@graph\":[{\"@type\":\"WebPage\",\"@id\":\"https:\\\/\\\/npf-fpn.com\\\/fr\\\/news-item\\\/la-npf-soppose-a-linitiative-provinciale-partiale-de-lalberta-en-matiere-de-police-et-redonne-un-nouvel-elan-a-linitiative-keep-alberta-rcmp-sent-maintenez-la-grc-en-alberta\\\/\",\"url\":\"https:\\\/\\\/npf-fpn.com\\\/fr\\\/news-item\\\/la-npf-soppose-a-linitiative-provinciale-partiale-de-lalberta-en-matiere-de-police-et-redonne-un-nouvel-elan-a-linitiative-keep-alberta-rcmp-sent-maintenez-la-grc-en-alberta\\\/\",\"name\":\"La NPF s'oppose \u00e0 l'initiative provinciale partiale de l'Alberta en mati\u00e8re de police et redonne un nouvel \u00e9lan \u00e0 l'initiative \u00ab Keep Alberta RCMP sent \u00bb (Maintenez la GRC en Alberta) - NPF-FPN\",\"isPartOf\":{\"@id\":\"https:\\\/\\\/npf-fpn.com\\\/#website\"},\"primaryImageOfPage\":{\"@id\":\"https:\\\/\\\/npf-fpn.com\\\/fr\\\/news-item\\\/la-npf-soppose-a-linitiative-provinciale-partiale-de-lalberta-en-matiere-de-police-et-redonne-un-nouvel-elan-a-linitiative-keep-alberta-rcmp-sent-maintenez-la-grc-en-alberta\\\/#primaryimage\"},\"image\":{\"@id\":\"https:\\\/\\\/npf-fpn.com\\\/fr\\\/news-item\\\/la-npf-soppose-a-linitiative-provinciale-partiale-de-lalberta-en-matiere-de-police-et-redonne-un-nouvel-elan-a-linitiative-keep-alberta-rcmp-sent-maintenez-la-grc-en-alberta\\\/#primaryimage\"},\"thumbnailUrl\":\"https:\\\/\\\/npf-fpn.com\\\/app\\\/uploads\\\/2025\\\/06\\\/Brian_FR-1-1.png\",\"datePublished\":\"2025-07-07T18:36:23+00:00\",\"dateModified\":\"2025-07-07T18:36:24+00:00\",\"breadcrumb\":{\"@id\":\"https:\\\/\\\/npf-fpn.com\\\/fr\\\/news-item\\\/la-npf-soppose-a-linitiative-provinciale-partiale-de-lalberta-en-matiere-de-police-et-redonne-un-nouvel-elan-a-linitiative-keep-alberta-rcmp-sent-maintenez-la-grc-en-alberta\\\/#breadcrumb\"},\"inLanguage\":\"fr-FR\",\"potentialAction\":[{\"@type\":\"ReadAction\",\"target\":[\"https:\\\/\\\/npf-fpn.com\\\/fr\\\/news-item\\\/la-npf-soppose-a-linitiative-provinciale-partiale-de-lalberta-en-matiere-de-police-et-redonne-un-nouvel-elan-a-linitiative-keep-alberta-rcmp-sent-maintenez-la-grc-en-alberta\\\/\"]}]},{\"@type\":\"ImageObject\",\"inLanguage\":\"fr-FR\",\"@id\":\"https:\\\/\\\/npf-fpn.com\\\/fr\\\/news-item\\\/la-npf-soppose-a-linitiative-provinciale-partiale-de-lalberta-en-matiere-de-police-et-redonne-un-nouvel-elan-a-linitiative-keep-alberta-rcmp-sent-maintenez-la-grc-en-alberta\\\/#primaryimage\",\"url\":\"https:\\\/\\\/npf-fpn.com\\\/app\\\/uploads\\\/2025\\\/06\\\/Brian_FR-1-1.png\",\"contentUrl\":\"https:\\\/\\\/npf-fpn.com\\\/app\\\/uploads\\\/2025\\\/06\\\/Brian_FR-1-1.png\"},{\"@type\":\"BreadcrumbList\",\"@id\":\"https:\\\/\\\/npf-fpn.com\\\/fr\\\/news-item\\\/la-npf-soppose-a-linitiative-provinciale-partiale-de-lalberta-en-matiere-de-police-et-redonne-un-nouvel-elan-a-linitiative-keep-alberta-rcmp-sent-maintenez-la-grc-en-alberta\\\/#breadcrumb\",\"itemListElement\":[{\"@type\":\"ListItem\",\"position\":1,\"name\":\"Accueil\",\"item\":\"https:\\\/\\\/npf-fpn.com\\\/fr\\\/\"},{\"@type\":\"ListItem\",\"position\":2,\"name\":\"La NPF s&#8217;oppose \u00e0 l&#8217;initiative provinciale partiale de l&#8217;Alberta en mati\u00e8re de police et redonne un nouvel \u00e9lan \u00e0 l&#8217;initiative \u00ab Keep Alberta RCMP sent \u00bb (Maintenez la GRC en Alberta)\"}]},{\"@type\":\"WebSite\",\"@id\":\"https:\\\/\\\/npf-fpn.com\\\/#website\",\"url\":\"https:\\\/\\\/npf-fpn.com\\\/\",\"name\":\"NPF-FPN\",\"description\":\"Providing strong, fair and progressive representation to almost 20,000 RCMP members across Canada.\",\"publisher\":{\"@id\":\"https:\\\/\\\/npf-fpn.com\\\/#organization\"},\"potentialAction\":[{\"@type\":\"SearchAction\",\"target\":{\"@type\":\"EntryPoint\",\"urlTemplate\":\"https:\\\/\\\/npf-fpn.com\\\/?s={search_term_string}\"},\"query-input\":{\"@type\":\"PropertyValueSpecification\",\"valueRequired\":true,\"valueName\":\"search_term_string\"}}],\"inLanguage\":\"fr-FR\"},{\"@type\":\"Organization\",\"@id\":\"https:\\\/\\\/npf-fpn.com\\\/#organization\",\"name\":\"NPF-FPN\",\"url\":\"https:\\\/\\\/npf-fpn.com\\\/\",\"logo\":{\"@type\":\"ImageObject\",\"inLanguage\":\"fr-FR\",\"@id\":\"https:\\\/\\\/npf-fpn.com\\\/#\\\/schema\\\/logo\\\/image\\\/\",\"url\":\"https:\\\/\\\/npf-fpn.com\\\/app\\\/uploads\\\/2022\\\/01\\\/NPF.jpg\",\"contentUrl\":\"https:\\\/\\\/npf-fpn.com\\\/app\\\/uploads\\\/2022\\\/01\\\/NPF.jpg\",\"width\":200,\"height\":200,\"caption\":\"NPF-FPN\"},\"image\":{\"@id\":\"https:\\\/\\\/npf-fpn.com\\\/#\\\/schema\\\/logo\\\/image\\\/\"}}]}<\/script>\n<!-- \/ Yoast SEO plugin. -->","yoast_head_json":{"title":"La NPF s'oppose \u00e0 l'initiative provinciale partiale de l'Alberta en mati\u00e8re de police et redonne un nouvel \u00e9lan \u00e0 l'initiative \u00ab Keep Alberta RCMP sent \u00bb (Maintenez la GRC en Alberta) - NPF-FPN","robots":{"index":"index","follow":"follow","max-snippet":"max-snippet:-1","max-image-preview":"max-image-preview:large","max-video-preview":"max-video-preview:-1"},"canonical":"https:\/\/npf-fpn.com\/fr\/news-item\/la-npf-soppose-a-linitiative-provinciale-partiale-de-lalberta-en-matiere-de-police-et-redonne-un-nouvel-elan-a-linitiative-keep-alberta-rcmp-sent-maintenez-la-grc-en-alberta\/","og_locale":"fr_FR","og_type":"article","og_title":"La NPF s'oppose \u00e0 l'initiative provinciale partiale de l'Alberta en mati\u00e8re de police et redonne un nouvel \u00e9lan \u00e0 l'initiative \u00ab Keep Alberta RCMP sent \u00bb (Maintenez la GRC en Alberta) - NPF-FPN","og_description":"Comme vous l&#8217;avez probablement vu ou entendu, le gouvernement de l&#8217;Alberta a annonc\u00e9 la cr\u00e9ation du Service de police des sh\u00e9rifs de l&#8217;Alberta, nouvelle version du Service de police provincial de l&#8217;Alberta pr\u00e9c\u00e9demment propos\u00e9, et a nomm\u00e9 son chef. La [&hellip;]","og_url":"https:\/\/npf-fpn.com\/fr\/news-item\/la-npf-soppose-a-linitiative-provinciale-partiale-de-lalberta-en-matiere-de-police-et-redonne-un-nouvel-elan-a-linitiative-keep-alberta-rcmp-sent-maintenez-la-grc-en-alberta\/","og_site_name":"NPF-FPN","article_modified_time":"2025-07-07T18:36:24+00:00","og_image":[{"width":673,"height":334,"url":"https:\/\/npf-fpn.com\/app\/uploads\/2025\/06\/Brian_FR-1-1.png","type":"image\/png"}],"twitter_card":"summary_large_image","twitter_misc":{"Est. reading time":"2 minutes"},"schema":{"@context":"https:\/\/schema.org","@graph":[{"@type":"WebPage","@id":"https:\/\/npf-fpn.com\/fr\/news-item\/la-npf-soppose-a-linitiative-provinciale-partiale-de-lalberta-en-matiere-de-police-et-redonne-un-nouvel-elan-a-linitiative-keep-alberta-rcmp-sent-maintenez-la-grc-en-alberta\/","url":"https:\/\/npf-fpn.com\/fr\/news-item\/la-npf-soppose-a-linitiative-provinciale-partiale-de-lalberta-en-matiere-de-police-et-redonne-un-nouvel-elan-a-linitiative-keep-alberta-rcmp-sent-maintenez-la-grc-en-alberta\/","name":"La NPF s'oppose \u00e0 l'initiative provinciale partiale de l'Alberta en mati\u00e8re de police et redonne un nouvel \u00e9lan \u00e0 l'initiative \u00ab Keep Alberta RCMP sent \u00bb (Maintenez la GRC en Alberta) - NPF-FPN","isPartOf":{"@id":"https:\/\/npf-fpn.com\/#website"},"primaryImageOfPage":{"@id":"https:\/\/npf-fpn.com\/fr\/news-item\/la-npf-soppose-a-linitiative-provinciale-partiale-de-lalberta-en-matiere-de-police-et-redonne-un-nouvel-elan-a-linitiative-keep-alberta-rcmp-sent-maintenez-la-grc-en-alberta\/#primaryimage"},"image":{"@id":"https:\/\/npf-fpn.com\/fr\/news-item\/la-npf-soppose-a-linitiative-provinciale-partiale-de-lalberta-en-matiere-de-police-et-redonne-un-nouvel-elan-a-linitiative-keep-alberta-rcmp-sent-maintenez-la-grc-en-alberta\/#primaryimage"},"thumbnailUrl":"https:\/\/npf-fpn.com\/app\/uploads\/2025\/06\/Brian_FR-1-1.png","datePublished":"2025-07-07T18:36:23+00:00","dateModified":"2025-07-07T18:36:24+00:00","breadcrumb":{"@id":"https:\/\/npf-fpn.com\/fr\/news-item\/la-npf-soppose-a-linitiative-provinciale-partiale-de-lalberta-en-matiere-de-police-et-redonne-un-nouvel-elan-a-linitiative-keep-alberta-rcmp-sent-maintenez-la-grc-en-alberta\/#breadcrumb"},"inLanguage":"fr-FR","potentialAction":[{"@type":"ReadAction","target":["https:\/\/npf-fpn.com\/fr\/news-item\/la-npf-soppose-a-linitiative-provinciale-partiale-de-lalberta-en-matiere-de-police-et-redonne-un-nouvel-elan-a-linitiative-keep-alberta-rcmp-sent-maintenez-la-grc-en-alberta\/"]}]},{"@type":"ImageObject","inLanguage":"fr-FR","@id":"https:\/\/npf-fpn.com\/fr\/news-item\/la-npf-soppose-a-linitiative-provinciale-partiale-de-lalberta-en-matiere-de-police-et-redonne-un-nouvel-elan-a-linitiative-keep-alberta-rcmp-sent-maintenez-la-grc-en-alberta\/#primaryimage","url":"https:\/\/npf-fpn.com\/app\/uploads\/2025\/06\/Brian_FR-1-1.png","contentUrl":"https:\/\/npf-fpn.com\/app\/uploads\/2025\/06\/Brian_FR-1-1.png"},{"@type":"BreadcrumbList","@id":"https:\/\/npf-fpn.com\/fr\/news-item\/la-npf-soppose-a-linitiative-provinciale-partiale-de-lalberta-en-matiere-de-police-et-redonne-un-nouvel-elan-a-linitiative-keep-alberta-rcmp-sent-maintenez-la-grc-en-alberta\/#breadcrumb","itemListElement":[{"@type":"ListItem","position":1,"name":"Accueil","item":"https:\/\/npf-fpn.com\/fr\/"},{"@type":"ListItem","position":2,"name":"La NPF s&#8217;oppose \u00e0 l&#8217;initiative provinciale partiale de l&#8217;Alberta en mati\u00e8re de police et redonne un nouvel \u00e9lan \u00e0 l&#8217;initiative \u00ab Keep Alberta RCMP sent \u00bb (Maintenez la GRC en Alberta)"}]},{"@type":"WebSite","@id":"https:\/\/npf-fpn.com\/#website","url":"https:\/\/npf-fpn.com\/","name":"NPF-FPN","description":"Providing strong, fair and progressive representation to almost 20,000 RCMP members across Canada.","publisher":{"@id":"https:\/\/npf-fpn.com\/#organization"},"potentialAction":[{"@type":"SearchAction","target":{"@type":"EntryPoint","urlTemplate":"https:\/\/npf-fpn.com\/?s={search_term_string}"},"query-input":{"@type":"PropertyValueSpecification","valueRequired":true,"valueName":"search_term_string"}}],"inLanguage":"fr-FR"},{"@type":"Organization","@id":"https:\/\/npf-fpn.com\/#organization","name":"NPF-FPN","url":"https:\/\/npf-fpn.com\/","logo":{"@type":"ImageObject","inLanguage":"fr-FR","@id":"https:\/\/npf-fpn.com\/#\/schema\/logo\/image\/","url":"https:\/\/npf-fpn.com\/app\/uploads\/2022\/01\/NPF.jpg","contentUrl":"https:\/\/npf-fpn.com\/app\/uploads\/2022\/01\/NPF.jpg","width":200,"height":200,"caption":"NPF-FPN"},"image":{"@id":"https:\/\/npf-fpn.com\/#\/schema\/logo\/image\/"}}]}},"_links":{"self":[{"href":"https:\/\/npf-fpn.com\/fr\/wp-json\/wp\/v2\/news\/61062","targetHints":{"allow":["GET"]}}],"collection":[{"href":"https:\/\/npf-fpn.com\/fr\/wp-json\/wp\/v2\/news"}],"about":[{"href":"https:\/\/npf-fpn.com\/fr\/wp-json\/wp\/v2\/types\/news"}],"wp:attachment":[{"href":"https:\/\/npf-fpn.com\/fr\/wp-json\/wp\/v2\/media?parent=61062"}],"wp:term":[{"taxonomy":"news_type","embeddable":true,"href":"https:\/\/npf-fpn.com\/fr\/wp-json\/wp\/v2\/news_type?post=61062"},{"taxonomy":"audiences","embeddable":true,"href":"https:\/\/npf-fpn.com\/fr\/wp-json\/wp\/v2\/audiences?post=61062"},{"taxonomy":"news_topics","embeddable":true,"href":"https:\/\/npf-fpn.com\/fr\/wp-json\/wp\/v2\/news_topics?post=61062"}],"curies":[{"name":"wp","href":"https:\/\/api.w.org\/{rel}","templated":true}]}}