{"id":60279,"date":"2025-06-10T15:31:45","date_gmt":"2025-06-10T15:31:45","guid":{"rendered":"https:\/\/npf-fpn.com\/?post_type=news&#038;p=60279"},"modified":"2025-09-05T14:06:01","modified_gmt":"2025-09-05T14:06:01","slug":"la-federation-de-la-police-nationale-publie-un-nouveau-rapport-demandant-un-engagement-federal-renouvele-pour-renforcer-et-moderniser-la-grc","status":"publish","type":"news","link":"https:\/\/npf-fpn.com\/fr\/news-item\/la-federation-de-la-police-nationale-publie-un-nouveau-rapport-demandant-un-engagement-federal-renouvele-pour-renforcer-et-moderniser-la-grc\/","title":{"rendered":"La F\u00e9d\u00e9ration de la police nationale publie un nouveau rapport demandant un engagement f\u00e9d\u00e9ral renouvel\u00e9 pour renforcer et moderniser la GRC\u00a0"},"content":{"rendered":"\n<p><strong>10\u202fjuin\u202f2025<\/strong>&nbsp;<\/p>\n\n\n\n<p><strong>Ottawa (Ontario<\/strong>) \u2013 la F\u00e9d\u00e9ration de la police nationale (FPN) a publi\u00e9 aujourd\u2019hui le document <a href=\"https:\/\/npf-fpn.com\/app\/uploads\/2025\/09\/NPF-Report_RCMP-Facing-the-Future_June-2025_FR-1.pdf\" target=\"_blank\" rel=\"noreferrer noopener\"><em>La GRC face \u00e0 l\u2019avenir\u202f:<\/em><\/a> <a href=\"https:\/\/npf-fpn.com\/app\/uploads\/securepdfs\/2025\/06\/NPF-Report_RCMP-Facing-the-Future_June-2025_FR.pdf\" target=\"_blank\" rel=\"noreferrer noopener\"><em>\u00e9volution, int\u00e9gration, pr\u00e9paration<\/em><\/a>\u202f: un rapport prospectif qui d\u00e9crit une marche \u00e0 suivre pratique et r\u00e9alisable pour renforcer le service de police national du Canada tout en pr\u00e9servant les avantages et le mod\u00e8le int\u00e9gr\u00e9s et rentables de la GRC. Le rapport a \u00e9t\u00e9 publi\u00e9 au cours d\u2019un petit d\u00e9jeuner avec des parlementaires plus t\u00f4t aujourd\u2019hui, en pr\u00e9sence de divers repr\u00e9sentants du gouvernement et dans le cadre d\u2019un dialogue sur l\u2019avenir de la GRC.\u00a0<\/p>\n\n\n\n<p>Depuis plus d\u2019un si\u00e8cle, la GRC est au c\u0153ur de la s\u00e9curit\u00e9 publique. Elle offre des services de police coordonn\u00e9s et complets dans l\u2019ensemble des administrations f\u00e9d\u00e9rales, provinciales, territoriales et municipales, ainsi que des services de police autochtones et du soutien international. Son mod\u00e8le int\u00e9gr\u00e9 est une solution typiquement canadienne aux d\u00e9fis que posent l\u2019immensit\u00e9 du territoire, la complexit\u00e9 des menaces et la diversit\u00e9 croissante des communaut\u00e9s.&nbsp;<\/p>\n\n\n\n<p>Quinze ans apr\u00e8s la publication du rapport du S\u00e9nat intitul\u00e9 <a href=\"https:\/\/colinkenny.ca\/fr\/resources\/media\/PDF\/French_RedSergeFinal_web2.pdf\" target=\"_blank\" rel=\"noreferrer noopener\"><em>Vers une revitalisation de la tunique rouge<\/em><\/a>, qui soulevait des pr\u00e9occupations quant \u00e0 la capacit\u00e9 et \u00e0 la viabilit\u00e9 de la GRC, bon nombre des m\u00eames probl\u00e8mes persistent aujourd\u2019hui, non pas en raison d\u2019un manque de perspicacit\u00e9 ou de recommandations, mais plut\u00f4t en raison du suivi limit\u00e9 et incoh\u00e9rent des gouvernements successifs. Depuis pr\u00e8s de deux d\u00e9cennies, des rapports, des commissions et des examens ind\u00e9pendants \u00e9noncent \u00e0 maintes reprises des mesures concr\u00e8tes pour moderniser le recrutement, am\u00e9liorer la formation et l\u2019approvisionnement et stabiliser les services de police f\u00e9d\u00e9raux. Pourtant, la volont\u00e9 politique et les investissements soutenus ont souvent \u00e9t\u00e9 insuffisants. Le nouveau rapport de la FPN s\u2019appuie sur ces recommandations de longue date et met l\u2019accent sur treize d\u2019entre elles, offrant une voie claire et r\u00e9alisable pour que le gouvernement du premier ministre Carney puisse mettre en \u0153uvre les r\u00e9formes n\u00e9cessaires au renforcement du service de police national du Canada.&nbsp;<\/p>\n\n\n\n<p>\u00ab\u202fLa s\u00e9curit\u00e9 publique n\u2019est pas un enjeu partisan, et elle ne peut \u00eatre assur\u00e9e de fa\u00e7on durable lorsque l\u2019affectation des ressources s\u2019effectue de fa\u00e7on r\u00e9active, incoh\u00e9rente ou politis\u00e9e\u202f\u00bb, a d\u00e9clar\u00e9 Brian\u202fSauv\u00e9, pr\u00e9sident de la F\u00e9d\u00e9ration de la police nationale. \u00ab\u202fNous reconnaissons et accueillons favorablement les engagements r\u00e9cents du gouvernement f\u00e9d\u00e9ral, notamment la promesse de 1\u202f000\u202fnouveaux membres de la GRC et une augmentation de l\u2019allocation de formation des cadets, mais il faut maintenant passer \u00e0 l\u2019action. La FPN pr\u00e9conise ces r\u00e9formes depuis des ann\u00e9es. Avec une feuille de route claire devant lui, le nouveau gouvernement a une r\u00e9elle occasion de passer des promesses \u00e0 l&#8217;action et de veiller \u00e0 ce que la GRC soit correctement \u00e9quip\u00e9e pour servir les Canadiens aujourd&#8217;hui et \u00e0 l&#8217;avenir. \u00bb&nbsp;<\/p>\n\n\n\n<p><strong>Voici quelques-unes des principales recommandations\u202f:<\/strong>&nbsp;<\/p>\n\n\n\n<ul class=\"wp-block-list\">\n<li><strong>Financement de services de police de qualit\u00e9\u202f:<\/strong> Le sous-financement chronique pourrait \u00eatre att\u00e9nu\u00e9 par une augmentation des ressources conjugu\u00e9e \u00e0 une r\u00e9forme cibl\u00e9e, comme la flexibilit\u00e9 de l\u2019affectation des ressources dans les administrations, l\u2019am\u00e9lioration des m\u00e9canismes de recouvrement des co\u00fbts, la simplification de la gestion des contrats et le financement r\u00e9serv\u00e9 aux services de police f\u00e9d\u00e9raux.&nbsp;<\/li>\n<\/ul>\n\n\n\n<ul class=\"wp-block-list\">\n<li><strong>Recrutement et formation\u202f:<\/strong> Le processus de recrutement de la GRC demeure trop lent et s\u00e9quentiel, ce qui pousse des candidats de qualit\u00e9 \u00e0 se tourner vers d\u2019autres services de police et ne r\u00e9pond pas aux exigences des services de police modernes. Elle doit moderniser ses processus et adopter une approche plus agile, \u00e0 l\u2019image des Forces arm\u00e9es canadiennes, ajouter des volets de formation distincts pour r\u00e9pondre aux exigences des services de police modernes, et l\u2019allocation de formation des cadets doit \u00eatre augment\u00e9e pour demeurer concurrentielle.&nbsp;<\/li>\n<\/ul>\n\n\n\n<ul class=\"wp-block-list\">\n<li><strong>Approvisionnement en \u00e9quipement\u202f:<\/strong> Le processus d\u2019approvisionnement f\u00e9d\u00e9ral est entrav\u00e9 par des formalit\u00e9s administratives excessives et ne r\u00e9pond pas aux besoins urgents des services de police modernes, ce qui draine les pr\u00e9cieuses ressources du gouvernement. Les retards dans le d\u00e9ploiement de l\u2019\u00e9quipement qui sauve des vies, notamment les pistolets de service, les gilets pare-balles et les cam\u00e9ras corporelles, compromettent la s\u00e9curit\u00e9 des agents et la confiance du public.&nbsp;<\/li>\n<\/ul>\n\n\n\n<p><strong>Nous demandons ce qui suit au gouvernement f\u00e9d\u00e9ral\u202f:<\/strong>&nbsp;<\/p>\n\n\n\n<ul class=\"wp-block-list\">\n<li>Confirmer son engagement \u00e0 offrir des services de police contractuels au-del\u00e0 de 2032;&nbsp;<\/li>\n<\/ul>\n\n\n\n<ul class=\"wp-block-list\">\n<li>Honorer son engagement d&#8217;augmenter les effectifs de la GRC et d&#8217;augmenter l&#8217;allocation de formation des cadets.&nbsp;<\/li>\n<\/ul>\n\n\n\n<ul class=\"wp-block-list\">\n<li>Accro\u00eetre les ressources et les capacit\u00e9s des services de police f\u00e9d\u00e9raux;&nbsp;<\/li>\n<\/ul>\n\n\n\n<ul class=\"wp-block-list\">\n<li>Moderniser le recrutement, la formation et la livraison de l\u2019\u00e9quipement; et soutenir une GRC plus forte et plus efficace.&nbsp;<\/li>\n<\/ul>\n\n\n\n<p>\u00ab\u202fNous avons un mod\u00e8le \u00e9prouv\u00e9, des membres d\u00e9vou\u00e9s et des recommandations claires. Ce dont nous avons besoin maintenant, c\u2019est d\u2019un gouvernement pr\u00eat \u00e0 agir afin que la GRC puisse relever les d\u00e9fis changeants des services de police modernes\u202f\u00bb, a ajout\u00e9 M.\u202fSauv\u00e9.&nbsp;<\/p>\n\n\n\n<p>Le rapport complet est disponible \u00e0 l\u2019adresse suivante\u202f: <a href=\"https:\/\/npf-fpn.com\/app\/uploads\/2025\/09\/NPF-Report_RCMP-Facing-the-Future_June-2025_FR-1.pdf\" target=\"_blank\" rel=\"noreferrer noopener\">https:\/\/npf-fpn.com\/app\/uploads\/2025\/09\/NPF-Report_RCMP-Facing-the-Future_June-2025_FR.pdf <\/a><\/p>\n\n\n\n<p><strong>\u00c0 propos de la F\u00e9d\u00e9ration de la police nationale<\/strong>&nbsp;<\/p>\n\n\n\n<p>La F\u00e9d\u00e9ration de la police nationale (FPN) repr\u00e9sente environ 20\u202f000\u202fmembres de la GRC en poste au Canada et \u00e0 l\u2019\u00e9tranger. Nous sommes le plus important syndicat de policiers au Canada. La FPN a \u00e0 c\u0153ur l\u2019am\u00e9lioration de la s\u00e9curit\u00e9 publique pour tous les Canadiens, y compris nos membres, en pr\u00e9conisant des investissements indispensables dans le continuum de la s\u00e9curit\u00e9 publique. Ces derniers comprennent des investissements dans les ressources polici\u00e8res et l\u2019\u00e9quipement moderne, ainsi que dans les programmes sociaux, notamment les mesures de soutien en mati\u00e8re de sant\u00e9, de toxicomanie et de logement, afin d\u2019am\u00e9liorer la s\u00e9curit\u00e9 et la qualit\u00e9 de vie dans les nombreuses collectivit\u00e9s que nous desservons, petites et grandes, partout au Canada.&nbsp;<\/p>\n\n\n\n<p>Pour en savoir davantage, consultez le <a href=\"https:\/\/npf-fpn.com\/fr\/about-us\/\" target=\"_blank\" rel=\"noreferrer noopener\">https:\/\/npf-fpn.com\/fr\/<\/a>.&nbsp;<\/p>\n\n\n\n<p>Suivez-nous\u202f:&nbsp;<\/p>\n\n\n\n<p>FPN\u202f: <a href=\"https:\/\/www.linkedin.com\/company\/nationalpolicefederation\" target=\"_blank\" rel=\"noreferrer noopener\">LinkedIn,\u202f<\/a><a href=\"https:\/\/www.facebook.com\/nationalpolicefederation\/\" target=\"_blank\" rel=\"noreferrer noopener\">Facebook,\u202f<\/a><a href=\"https:\/\/twitter.com\/npffpn\" target=\"_blank\" rel=\"noreferrer noopener\">Twitter,\u202f<\/a>et\u202f<a href=\"https:\/\/www.instagram.com\/npf_fpn\/\" target=\"_blank\" rel=\"noreferrer noopener\">Instagram<\/a>&nbsp;<\/p>\n","protected":false},"excerpt":{"rendered":"<p>10\u202fjuin\u202f2025&nbsp; Ottawa (Ontario) \u2013 la F\u00e9d\u00e9ration de la police nationale (FPN) a publi\u00e9 aujourd\u2019hui le document La GRC face \u00e0 l\u2019avenir\u202f: \u00e9volution, int\u00e9gration, pr\u00e9paration\u202f: un rapport prospectif qui d\u00e9crit une marche \u00e0 suivre pratique et r\u00e9alisable pour renforcer le service [&hellip;]<\/p>\n","protected":false},"featured_media":0,"template":"","news_type":[40],"audiences":[],"news_topics":[],"class_list":["post-60279","news","type-news","status-publish","hentry","news_type-media-releases-fr"],"acf":[],"yoast_head":"<!-- This site is optimized with the Yoast SEO plugin v27.4 - https:\/\/yoast.com\/product\/yoast-seo-wordpress\/ -->\n<title>La F\u00e9d\u00e9ration de la police nationale publie un nouveau rapport demandant un engagement f\u00e9d\u00e9ral renouvel\u00e9 pour renforcer et moderniser la GRC\u00a0 - NPF-FPN<\/title>\n<meta name=\"robots\" content=\"index, follow, max-snippet:-1, max-image-preview:large, max-video-preview:-1\" \/>\n<link rel=\"canonical\" href=\"https:\/\/npf-fpn.com\/fr\/news-item\/la-federation-de-la-police-nationale-publie-un-nouveau-rapport-demandant-un-engagement-federal-renouvele-pour-renforcer-et-moderniser-la-grc\/\" \/>\n<meta property=\"og:locale\" content=\"fr_FR\" \/>\n<meta property=\"og:type\" content=\"article\" \/>\n<meta property=\"og:title\" content=\"La F\u00e9d\u00e9ration de la police nationale publie un nouveau rapport demandant un engagement f\u00e9d\u00e9ral renouvel\u00e9 pour renforcer et moderniser la GRC\u00a0 - NPF-FPN\" \/>\n<meta property=\"og:description\" content=\"10\u202fjuin\u202f2025&nbsp; Ottawa (Ontario) \u2013 la F\u00e9d\u00e9ration de la police nationale (FPN) a publi\u00e9 aujourd\u2019hui le document La GRC face \u00e0 l\u2019avenir\u202f: \u00e9volution, int\u00e9gration, pr\u00e9paration\u202f: un rapport prospectif qui d\u00e9crit une marche \u00e0 suivre pratique et r\u00e9alisable pour renforcer le service [&hellip;]\" \/>\n<meta property=\"og:url\" content=\"https:\/\/npf-fpn.com\/fr\/news-item\/la-federation-de-la-police-nationale-publie-un-nouveau-rapport-demandant-un-engagement-federal-renouvele-pour-renforcer-et-moderniser-la-grc\/\" \/>\n<meta property=\"og:site_name\" content=\"NPF-FPN\" \/>\n<meta property=\"article:modified_time\" content=\"2025-09-05T14:06:01+00:00\" \/>\n<meta name=\"twitter:card\" content=\"summary_large_image\" \/>\n<meta name=\"twitter:label1\" content=\"Est. reading time\" \/>\n\t<meta name=\"twitter:data1\" content=\"5 minutes\" \/>\n<script type=\"application\/ld+json\" class=\"yoast-schema-graph\">{\"@context\":\"https:\\\/\\\/schema.org\",\"@graph\":[{\"@type\":\"WebPage\",\"@id\":\"https:\\\/\\\/npf-fpn.com\\\/fr\\\/news-item\\\/la-federation-de-la-police-nationale-publie-un-nouveau-rapport-demandant-un-engagement-federal-renouvele-pour-renforcer-et-moderniser-la-grc\\\/\",\"url\":\"https:\\\/\\\/npf-fpn.com\\\/fr\\\/news-item\\\/la-federation-de-la-police-nationale-publie-un-nouveau-rapport-demandant-un-engagement-federal-renouvele-pour-renforcer-et-moderniser-la-grc\\\/\",\"name\":\"La F\u00e9d\u00e9ration de la police nationale publie un nouveau rapport demandant un engagement f\u00e9d\u00e9ral renouvel\u00e9 pour renforcer et moderniser la GRC\u00a0 - NPF-FPN\",\"isPartOf\":{\"@id\":\"https:\\\/\\\/npf-fpn.com\\\/#website\"},\"datePublished\":\"2025-06-10T15:31:45+00:00\",\"dateModified\":\"2025-09-05T14:06:01+00:00\",\"breadcrumb\":{\"@id\":\"https:\\\/\\\/npf-fpn.com\\\/fr\\\/news-item\\\/la-federation-de-la-police-nationale-publie-un-nouveau-rapport-demandant-un-engagement-federal-renouvele-pour-renforcer-et-moderniser-la-grc\\\/#breadcrumb\"},\"inLanguage\":\"fr-FR\",\"potentialAction\":[{\"@type\":\"ReadAction\",\"target\":[\"https:\\\/\\\/npf-fpn.com\\\/fr\\\/news-item\\\/la-federation-de-la-police-nationale-publie-un-nouveau-rapport-demandant-un-engagement-federal-renouvele-pour-renforcer-et-moderniser-la-grc\\\/\"]}]},{\"@type\":\"BreadcrumbList\",\"@id\":\"https:\\\/\\\/npf-fpn.com\\\/fr\\\/news-item\\\/la-federation-de-la-police-nationale-publie-un-nouveau-rapport-demandant-un-engagement-federal-renouvele-pour-renforcer-et-moderniser-la-grc\\\/#breadcrumb\",\"itemListElement\":[{\"@type\":\"ListItem\",\"position\":1,\"name\":\"Accueil\",\"item\":\"https:\\\/\\\/npf-fpn.com\\\/fr\\\/\"},{\"@type\":\"ListItem\",\"position\":2,\"name\":\"La F\u00e9d\u00e9ration de la police nationale publie un nouveau rapport demandant un engagement f\u00e9d\u00e9ral renouvel\u00e9 pour renforcer et moderniser la GRC\u00a0\"}]},{\"@type\":\"WebSite\",\"@id\":\"https:\\\/\\\/npf-fpn.com\\\/#website\",\"url\":\"https:\\\/\\\/npf-fpn.com\\\/\",\"name\":\"NPF-FPN\",\"description\":\"Providing strong, fair and progressive representation to almost 20,000 RCMP members across Canada.\",\"publisher\":{\"@id\":\"https:\\\/\\\/npf-fpn.com\\\/#organization\"},\"potentialAction\":[{\"@type\":\"SearchAction\",\"target\":{\"@type\":\"EntryPoint\",\"urlTemplate\":\"https:\\\/\\\/npf-fpn.com\\\/?s={search_term_string}\"},\"query-input\":{\"@type\":\"PropertyValueSpecification\",\"valueRequired\":true,\"valueName\":\"search_term_string\"}}],\"inLanguage\":\"fr-FR\"},{\"@type\":\"Organization\",\"@id\":\"https:\\\/\\\/npf-fpn.com\\\/#organization\",\"name\":\"NPF-FPN\",\"url\":\"https:\\\/\\\/npf-fpn.com\\\/\",\"logo\":{\"@type\":\"ImageObject\",\"inLanguage\":\"fr-FR\",\"@id\":\"https:\\\/\\\/npf-fpn.com\\\/#\\\/schema\\\/logo\\\/image\\\/\",\"url\":\"https:\\\/\\\/npf-fpn.com\\\/app\\\/uploads\\\/2022\\\/01\\\/NPF.jpg\",\"contentUrl\":\"https:\\\/\\\/npf-fpn.com\\\/app\\\/uploads\\\/2022\\\/01\\\/NPF.jpg\",\"width\":200,\"height\":200,\"caption\":\"NPF-FPN\"},\"image\":{\"@id\":\"https:\\\/\\\/npf-fpn.com\\\/#\\\/schema\\\/logo\\\/image\\\/\"}}]}<\/script>\n<!-- \/ Yoast SEO plugin. -->","yoast_head_json":{"title":"La F\u00e9d\u00e9ration de la police nationale publie un nouveau rapport demandant un engagement f\u00e9d\u00e9ral renouvel\u00e9 pour renforcer et moderniser la GRC\u00a0 - NPF-FPN","robots":{"index":"index","follow":"follow","max-snippet":"max-snippet:-1","max-image-preview":"max-image-preview:large","max-video-preview":"max-video-preview:-1"},"canonical":"https:\/\/npf-fpn.com\/fr\/news-item\/la-federation-de-la-police-nationale-publie-un-nouveau-rapport-demandant-un-engagement-federal-renouvele-pour-renforcer-et-moderniser-la-grc\/","og_locale":"fr_FR","og_type":"article","og_title":"La F\u00e9d\u00e9ration de la police nationale publie un nouveau rapport demandant un engagement f\u00e9d\u00e9ral renouvel\u00e9 pour renforcer et moderniser la GRC\u00a0 - NPF-FPN","og_description":"10\u202fjuin\u202f2025&nbsp; Ottawa (Ontario) \u2013 la F\u00e9d\u00e9ration de la police nationale (FPN) a publi\u00e9 aujourd\u2019hui le document La GRC face \u00e0 l\u2019avenir\u202f: \u00e9volution, int\u00e9gration, pr\u00e9paration\u202f: un rapport prospectif qui d\u00e9crit une marche \u00e0 suivre pratique et r\u00e9alisable pour renforcer le service [&hellip;]","og_url":"https:\/\/npf-fpn.com\/fr\/news-item\/la-federation-de-la-police-nationale-publie-un-nouveau-rapport-demandant-un-engagement-federal-renouvele-pour-renforcer-et-moderniser-la-grc\/","og_site_name":"NPF-FPN","article_modified_time":"2025-09-05T14:06:01+00:00","twitter_card":"summary_large_image","twitter_misc":{"Est. reading time":"5 minutes"},"schema":{"@context":"https:\/\/schema.org","@graph":[{"@type":"WebPage","@id":"https:\/\/npf-fpn.com\/fr\/news-item\/la-federation-de-la-police-nationale-publie-un-nouveau-rapport-demandant-un-engagement-federal-renouvele-pour-renforcer-et-moderniser-la-grc\/","url":"https:\/\/npf-fpn.com\/fr\/news-item\/la-federation-de-la-police-nationale-publie-un-nouveau-rapport-demandant-un-engagement-federal-renouvele-pour-renforcer-et-moderniser-la-grc\/","name":"La F\u00e9d\u00e9ration de la police nationale publie un nouveau rapport demandant un engagement f\u00e9d\u00e9ral renouvel\u00e9 pour renforcer et moderniser la GRC\u00a0 - NPF-FPN","isPartOf":{"@id":"https:\/\/npf-fpn.com\/#website"},"datePublished":"2025-06-10T15:31:45+00:00","dateModified":"2025-09-05T14:06:01+00:00","breadcrumb":{"@id":"https:\/\/npf-fpn.com\/fr\/news-item\/la-federation-de-la-police-nationale-publie-un-nouveau-rapport-demandant-un-engagement-federal-renouvele-pour-renforcer-et-moderniser-la-grc\/#breadcrumb"},"inLanguage":"fr-FR","potentialAction":[{"@type":"ReadAction","target":["https:\/\/npf-fpn.com\/fr\/news-item\/la-federation-de-la-police-nationale-publie-un-nouveau-rapport-demandant-un-engagement-federal-renouvele-pour-renforcer-et-moderniser-la-grc\/"]}]},{"@type":"BreadcrumbList","@id":"https:\/\/npf-fpn.com\/fr\/news-item\/la-federation-de-la-police-nationale-publie-un-nouveau-rapport-demandant-un-engagement-federal-renouvele-pour-renforcer-et-moderniser-la-grc\/#breadcrumb","itemListElement":[{"@type":"ListItem","position":1,"name":"Accueil","item":"https:\/\/npf-fpn.com\/fr\/"},{"@type":"ListItem","position":2,"name":"La F\u00e9d\u00e9ration de la police nationale publie un nouveau rapport demandant un engagement f\u00e9d\u00e9ral renouvel\u00e9 pour renforcer et moderniser la GRC\u00a0"}]},{"@type":"WebSite","@id":"https:\/\/npf-fpn.com\/#website","url":"https:\/\/npf-fpn.com\/","name":"NPF-FPN","description":"Providing strong, fair and progressive representation to almost 20,000 RCMP members across Canada.","publisher":{"@id":"https:\/\/npf-fpn.com\/#organization"},"potentialAction":[{"@type":"SearchAction","target":{"@type":"EntryPoint","urlTemplate":"https:\/\/npf-fpn.com\/?s={search_term_string}"},"query-input":{"@type":"PropertyValueSpecification","valueRequired":true,"valueName":"search_term_string"}}],"inLanguage":"fr-FR"},{"@type":"Organization","@id":"https:\/\/npf-fpn.com\/#organization","name":"NPF-FPN","url":"https:\/\/npf-fpn.com\/","logo":{"@type":"ImageObject","inLanguage":"fr-FR","@id":"https:\/\/npf-fpn.com\/#\/schema\/logo\/image\/","url":"https:\/\/npf-fpn.com\/app\/uploads\/2022\/01\/NPF.jpg","contentUrl":"https:\/\/npf-fpn.com\/app\/uploads\/2022\/01\/NPF.jpg","width":200,"height":200,"caption":"NPF-FPN"},"image":{"@id":"https:\/\/npf-fpn.com\/#\/schema\/logo\/image\/"}}]}},"_links":{"self":[{"href":"https:\/\/npf-fpn.com\/fr\/wp-json\/wp\/v2\/news\/60279","targetHints":{"allow":["GET"]}}],"collection":[{"href":"https:\/\/npf-fpn.com\/fr\/wp-json\/wp\/v2\/news"}],"about":[{"href":"https:\/\/npf-fpn.com\/fr\/wp-json\/wp\/v2\/types\/news"}],"wp:attachment":[{"href":"https:\/\/npf-fpn.com\/fr\/wp-json\/wp\/v2\/media?parent=60279"}],"wp:term":[{"taxonomy":"news_type","embeddable":true,"href":"https:\/\/npf-fpn.com\/fr\/wp-json\/wp\/v2\/news_type?post=60279"},{"taxonomy":"audiences","embeddable":true,"href":"https:\/\/npf-fpn.com\/fr\/wp-json\/wp\/v2\/audiences?post=60279"},{"taxonomy":"news_topics","embeddable":true,"href":"https:\/\/npf-fpn.com\/fr\/wp-json\/wp\/v2\/news_topics?post=60279"}],"curies":[{"name":"wp","href":"https:\/\/api.w.org\/{rel}","templated":true}]}}