{"id":60228,"date":"2025-06-06T16:17:09","date_gmt":"2025-06-06T16:17:09","guid":{"rendered":"https:\/\/npf-fpn.com\/?post_type=news&#038;p=60228"},"modified":"2025-06-06T16:17:10","modified_gmt":"2025-06-06T16:17:10","slug":"declaration-aux-medias-la-fpn-se-felicite-du-projet-de-loi-c-2-qui-constitue-un-premier-pas-vers-le-renforcement-des-capacites-dapplication-de-la-loi","status":"publish","type":"news","link":"https:\/\/npf-fpn.com\/fr\/news-item\/declaration-aux-medias-la-fpn-se-felicite-du-projet-de-loi-c-2-qui-constitue-un-premier-pas-vers-le-renforcement-des-capacites-dapplication-de-la-loi\/","title":{"rendered":"D\u00e9claration aux m\u00e9dias : La FPN se f\u00e9licite du projet de loi C-2, qui constitue un premier pas vers le renforcement des capacit\u00e9s d&#8217;application de la loi\u00a0"},"content":{"rendered":"\n<p><strong>6 juin 2025<\/strong>&nbsp;<\/p>\n\n\n\n<p><strong>Ottawa, ON <\/strong>&#8211; Voici une d\u00e9claration du pr\u00e9sident et chef de la direction de la F\u00e9d\u00e9ration de la police Nationale, Brian Sauv\u00e9, concernant le d\u00e9p\u00f4t du projet de loi C-2, la <em>Loi sur la solidit\u00e9 des fronti\u00e8res, <\/em>qui vise \u00e0 renforcer la s\u00e9curit\u00e9 frontali\u00e8re du Canada.&nbsp;<\/p>\n\n\n\n<p>&#8220;Nous accueillons favorablement l&#8217;introduction du projet de loi C-2 en tant que premier texte l\u00e9gislatif du gouvernement f\u00e9d\u00e9ral, qui envoie un message fort et encourageant, \u00e0 savoir que la s\u00e9curit\u00e9 publique est une priorit\u00e9 absolue pour ce nouveau gouvernement.&nbsp;&nbsp;<\/p>\n\n\n\n<p>En tant que service de police national du Canada, les membres de la GRC jouent un r\u00f4le essentiel dans la d\u00e9fense de nos fronti\u00e8res, la lutte contre le crime organis\u00e9 transnational, les enqu\u00eates sur les cybermenaces, la lutte contre le trafic de fentanyl et d&#8217;armes \u00e0 feu, et l&#8217;application des lois qui prot\u00e8gent les Canadiens. Dans le paysage criminel de plus en plus complexe d&#8217;aujourd&#8217;hui, nos Membres ont besoin d&#8217;outils l\u00e9gislatifs modernes, d&#8217;un meilleur accru des renseignements et de la clart\u00e9 juridique n\u00e9cessaire pour agir de mani\u00e8re d\u00e9cisive.&nbsp;&nbsp;<\/p>\n\n\n\n<p>Le projet de loi C-2 comprend d&#8217;importantes mises \u00e0 jour qui refl\u00e8tent les demandes de longue date des forces de l&#8217;ordre et de la FPN visant \u00e0&nbsp;moderniser les cadres canadiens de maintien de l&#8217;ordre et de renseignement. Nous sommes encourag\u00e9s par les dispositions qui renforcent l&#8217;acc\u00e8s l\u00e9gal aux preuves num\u00e9riques, am\u00e9liorent la collaboration avec le CANAFE et les institutions financi\u00e8res, bloquent l&#8217;importation de fentanyl et de pr\u00e9curseurs chimiques, clarifient les param\u00e8tres juridiques pour les agents menant des enqu\u00eates sensibles sur les drogues, et am\u00e9liorent le partage international des donn\u00e9es, y compris les mises \u00e0 jour du Registre national des d\u00e9linquants sexuels.&nbsp;<\/p>\n\n\n\n<p>La FPN a notamment toujours soulign\u00e9 le besoin urgent d&#8217;une meilleure coordination des renseignements entre diff\u00e9rentes juridictions. Dans notre <a href=\"https:\/\/npf-fpn.com\/app\/uploads\/securepdfs\/2025\/03\/Ensuring-Effective-Border-Security_PS_March-2025_EN.pdf\" target=\"_blank\" rel=\"noreferrer noopener\">prise de position de mars 2025 <\/a>( ) sur la s\u00e9curit\u00e9 des fronti\u00e8res (), nous avons sp\u00e9cifiquement recommand\u00e9 d\u2019\u00e9largir les unit\u00e9s de police int\u00e9gr\u00e9es et de renforcer les directrices en mati\u00e8re de renseignement afin de soutenir l&#8217;application conjointe de la loi et l&#8217;\u00e9change significatif d&#8217;informations. Ces capacit\u00e9s sont essentielles pour perturber les r\u00e9seaux criminels de plus en plus sophistiqu\u00e9s qui op\u00e8rent \u00e0 travers et au-del\u00e0 de nos fronti\u00e8res.&nbsp;<\/p>\n\n\n\n<p>Si le projet de loi C-2 constitue une premi\u00e8re \u00e9tape importante, il doit s\u2019accompagner de mesures concr\u00e8tes et opportunes, notamment de ressources et de financements suffisants pour mettre en \u0153uvre ces outils. L&#8217;engagement du gouvernement d&#8217;embaucher 1 000 nouveaux membres de la GRC est essentiel.&nbsp;\u00c9tant donn\u00e9&nbsp;le temps requis pour former des agents de la GRC enti\u00e8rement d\u00e9ployables, ce processus doit d\u00e9buter&nbsp;imm\u00e9diatement afin de produire des r\u00e9sultats r\u00e9els et significatifs pour les Canadiens. &nbsp;<\/p>\n\n\n\n<p>Nous sommes impatients de travailler avec S\u00e9curit\u00e9 publique Canada et le gouvernement du Canada pour nous assurer que ces mesures sont ad\u00e9quatement mises en \u0153uvre et soutenues. Nos Membres sont pr\u00eats \u00e0 faire leur part, et nous demandons instamment que des mesures soient prises rapidement pour s&#8217;assurer qu&#8217;ils disposent du soutien et des ressources dont ils ont besoin pour prot\u00e9ger les Canadiens&#8221;.&nbsp;<\/p>\n\n\n\n<p><strong>A propos de la F\u00e9d\u00e9ration de la police nationale :<\/strong>&nbsp;<\/p>\n\n\n\n<p>La F\u00e9d\u00e9ration de la police nationale (FPN) repr\u00e9sente environ 20 000 membres de la GRC en poste au Canada et \u00e0 l&#8217;\u00e9tranger. Il s\u2019agit du plus grand syndicat de policiers au Canada. La FPN se concentre sur l&#8217;am\u00e9lioration de la s\u00e9curit\u00e9 publique pour tous les Canadiens, y compris nos Membres, en r\u00e9clamant des investissements indispensables dans l\u2019ensemble du continuum de la s\u00e9curit\u00e9 publique. Cela comprend des investissements dans les ressources polici\u00e8res et l&#8217;\u00e9quipement moderne, ainsi que dans les programmes sociaux, y compris la sant\u00e9, la toxicomanie et l&#8217;aide au logement, afin d&#8217;am\u00e9liorer la s\u00e9curit\u00e9 et l&#8217;habitabilit\u00e9 dans les nombreuses communaut\u00e9s que nous servons, grandes et petites, \u00e0 travers le Canada.&nbsp;<\/p>\n\n\n\n<p>Pour en savoir plus sur la F\u00e9d\u00e9ration de la police nationale, consultez le site www.npf-fpn.com.&nbsp;&nbsp;<\/p>\n","protected":false},"excerpt":{"rendered":"<p>6 juin 2025&nbsp; Ottawa, ON &#8211; Voici une d\u00e9claration du pr\u00e9sident et chef de la direction de la F\u00e9d\u00e9ration de la police Nationale, Brian Sauv\u00e9, concernant le d\u00e9p\u00f4t du projet de loi C-2, la Loi sur la solidit\u00e9 des fronti\u00e8res, [&hellip;]<\/p>\n","protected":false},"featured_media":0,"template":"","news_type":[40],"audiences":[],"news_topics":[],"class_list":["post-60228","news","type-news","status-publish","hentry","news_type-media-releases-fr"],"acf":[],"yoast_head":"<!-- This site is optimized with the Yoast SEO plugin v27.4 - https:\/\/yoast.com\/product\/yoast-seo-wordpress\/ -->\n<title>D\u00e9claration aux m\u00e9dias : La FPN se f\u00e9licite du projet de loi C-2, qui constitue un premier pas vers le renforcement des capacit\u00e9s d&#039;application de la loi\u00a0 - NPF-FPN<\/title>\n<meta name=\"robots\" content=\"index, follow, max-snippet:-1, max-image-preview:large, max-video-preview:-1\" \/>\n<link rel=\"canonical\" href=\"https:\/\/npf-fpn.com\/fr\/news-item\/declaration-aux-medias-la-fpn-se-felicite-du-projet-de-loi-c-2-qui-constitue-un-premier-pas-vers-le-renforcement-des-capacites-dapplication-de-la-loi\/\" \/>\n<meta property=\"og:locale\" content=\"fr_FR\" \/>\n<meta property=\"og:type\" content=\"article\" \/>\n<meta property=\"og:title\" content=\"D\u00e9claration aux m\u00e9dias : La FPN se f\u00e9licite du projet de loi C-2, qui constitue un premier pas vers le renforcement des capacit\u00e9s d&#039;application de la loi\u00a0 - NPF-FPN\" \/>\n<meta property=\"og:description\" content=\"6 juin 2025&nbsp; Ottawa, ON &#8211; Voici une d\u00e9claration du pr\u00e9sident et chef de la direction de la F\u00e9d\u00e9ration de la police Nationale, Brian Sauv\u00e9, concernant le d\u00e9p\u00f4t du projet de loi C-2, la Loi sur la solidit\u00e9 des fronti\u00e8res, [&hellip;]\" \/>\n<meta property=\"og:url\" content=\"https:\/\/npf-fpn.com\/fr\/news-item\/declaration-aux-medias-la-fpn-se-felicite-du-projet-de-loi-c-2-qui-constitue-un-premier-pas-vers-le-renforcement-des-capacites-dapplication-de-la-loi\/\" \/>\n<meta property=\"og:site_name\" content=\"NPF-FPN\" \/>\n<meta property=\"article:modified_time\" content=\"2025-06-06T16:17:10+00:00\" \/>\n<meta name=\"twitter:card\" content=\"summary_large_image\" \/>\n<meta name=\"twitter:label1\" content=\"Est. reading time\" \/>\n\t<meta name=\"twitter:data1\" content=\"3 minutes\" \/>\n<script type=\"application\/ld+json\" class=\"yoast-schema-graph\">{\"@context\":\"https:\\\/\\\/schema.org\",\"@graph\":[{\"@type\":\"WebPage\",\"@id\":\"https:\\\/\\\/npf-fpn.com\\\/fr\\\/news-item\\\/declaration-aux-medias-la-fpn-se-felicite-du-projet-de-loi-c-2-qui-constitue-un-premier-pas-vers-le-renforcement-des-capacites-dapplication-de-la-loi\\\/\",\"url\":\"https:\\\/\\\/npf-fpn.com\\\/fr\\\/news-item\\\/declaration-aux-medias-la-fpn-se-felicite-du-projet-de-loi-c-2-qui-constitue-un-premier-pas-vers-le-renforcement-des-capacites-dapplication-de-la-loi\\\/\",\"name\":\"D\u00e9claration aux m\u00e9dias : La FPN se f\u00e9licite du projet de loi C-2, qui constitue un premier pas vers le renforcement des capacit\u00e9s d'application de la loi\u00a0 - NPF-FPN\",\"isPartOf\":{\"@id\":\"https:\\\/\\\/npf-fpn.com\\\/#website\"},\"datePublished\":\"2025-06-06T16:17:09+00:00\",\"dateModified\":\"2025-06-06T16:17:10+00:00\",\"breadcrumb\":{\"@id\":\"https:\\\/\\\/npf-fpn.com\\\/fr\\\/news-item\\\/declaration-aux-medias-la-fpn-se-felicite-du-projet-de-loi-c-2-qui-constitue-un-premier-pas-vers-le-renforcement-des-capacites-dapplication-de-la-loi\\\/#breadcrumb\"},\"inLanguage\":\"fr-FR\",\"potentialAction\":[{\"@type\":\"ReadAction\",\"target\":[\"https:\\\/\\\/npf-fpn.com\\\/fr\\\/news-item\\\/declaration-aux-medias-la-fpn-se-felicite-du-projet-de-loi-c-2-qui-constitue-un-premier-pas-vers-le-renforcement-des-capacites-dapplication-de-la-loi\\\/\"]}]},{\"@type\":\"BreadcrumbList\",\"@id\":\"https:\\\/\\\/npf-fpn.com\\\/fr\\\/news-item\\\/declaration-aux-medias-la-fpn-se-felicite-du-projet-de-loi-c-2-qui-constitue-un-premier-pas-vers-le-renforcement-des-capacites-dapplication-de-la-loi\\\/#breadcrumb\",\"itemListElement\":[{\"@type\":\"ListItem\",\"position\":1,\"name\":\"Accueil\",\"item\":\"https:\\\/\\\/npf-fpn.com\\\/fr\\\/\"},{\"@type\":\"ListItem\",\"position\":2,\"name\":\"D\u00e9claration aux m\u00e9dias : La FPN se f\u00e9licite du projet de loi C-2, qui constitue un premier pas vers le renforcement des capacit\u00e9s d&#8217;application de la loi\u00a0\"}]},{\"@type\":\"WebSite\",\"@id\":\"https:\\\/\\\/npf-fpn.com\\\/#website\",\"url\":\"https:\\\/\\\/npf-fpn.com\\\/\",\"name\":\"NPF-FPN\",\"description\":\"Providing strong, fair and progressive representation to almost 20,000 RCMP members across Canada.\",\"publisher\":{\"@id\":\"https:\\\/\\\/npf-fpn.com\\\/#organization\"},\"potentialAction\":[{\"@type\":\"SearchAction\",\"target\":{\"@type\":\"EntryPoint\",\"urlTemplate\":\"https:\\\/\\\/npf-fpn.com\\\/?s={search_term_string}\"},\"query-input\":{\"@type\":\"PropertyValueSpecification\",\"valueRequired\":true,\"valueName\":\"search_term_string\"}}],\"inLanguage\":\"fr-FR\"},{\"@type\":\"Organization\",\"@id\":\"https:\\\/\\\/npf-fpn.com\\\/#organization\",\"name\":\"NPF-FPN\",\"url\":\"https:\\\/\\\/npf-fpn.com\\\/\",\"logo\":{\"@type\":\"ImageObject\",\"inLanguage\":\"fr-FR\",\"@id\":\"https:\\\/\\\/npf-fpn.com\\\/#\\\/schema\\\/logo\\\/image\\\/\",\"url\":\"https:\\\/\\\/npf-fpn.com\\\/app\\\/uploads\\\/2022\\\/01\\\/NPF.jpg\",\"contentUrl\":\"https:\\\/\\\/npf-fpn.com\\\/app\\\/uploads\\\/2022\\\/01\\\/NPF.jpg\",\"width\":200,\"height\":200,\"caption\":\"NPF-FPN\"},\"image\":{\"@id\":\"https:\\\/\\\/npf-fpn.com\\\/#\\\/schema\\\/logo\\\/image\\\/\"}}]}<\/script>\n<!-- \/ Yoast SEO plugin. -->","yoast_head_json":{"title":"D\u00e9claration aux m\u00e9dias : La FPN se f\u00e9licite du projet de loi C-2, qui constitue un premier pas vers le renforcement des capacit\u00e9s d'application de la loi\u00a0 - NPF-FPN","robots":{"index":"index","follow":"follow","max-snippet":"max-snippet:-1","max-image-preview":"max-image-preview:large","max-video-preview":"max-video-preview:-1"},"canonical":"https:\/\/npf-fpn.com\/fr\/news-item\/declaration-aux-medias-la-fpn-se-felicite-du-projet-de-loi-c-2-qui-constitue-un-premier-pas-vers-le-renforcement-des-capacites-dapplication-de-la-loi\/","og_locale":"fr_FR","og_type":"article","og_title":"D\u00e9claration aux m\u00e9dias : La FPN se f\u00e9licite du projet de loi C-2, qui constitue un premier pas vers le renforcement des capacit\u00e9s d'application de la loi\u00a0 - NPF-FPN","og_description":"6 juin 2025&nbsp; Ottawa, ON &#8211; Voici une d\u00e9claration du pr\u00e9sident et chef de la direction de la F\u00e9d\u00e9ration de la police Nationale, Brian Sauv\u00e9, concernant le d\u00e9p\u00f4t du projet de loi C-2, la Loi sur la solidit\u00e9 des fronti\u00e8res, [&hellip;]","og_url":"https:\/\/npf-fpn.com\/fr\/news-item\/declaration-aux-medias-la-fpn-se-felicite-du-projet-de-loi-c-2-qui-constitue-un-premier-pas-vers-le-renforcement-des-capacites-dapplication-de-la-loi\/","og_site_name":"NPF-FPN","article_modified_time":"2025-06-06T16:17:10+00:00","twitter_card":"summary_large_image","twitter_misc":{"Est. reading time":"3 minutes"},"schema":{"@context":"https:\/\/schema.org","@graph":[{"@type":"WebPage","@id":"https:\/\/npf-fpn.com\/fr\/news-item\/declaration-aux-medias-la-fpn-se-felicite-du-projet-de-loi-c-2-qui-constitue-un-premier-pas-vers-le-renforcement-des-capacites-dapplication-de-la-loi\/","url":"https:\/\/npf-fpn.com\/fr\/news-item\/declaration-aux-medias-la-fpn-se-felicite-du-projet-de-loi-c-2-qui-constitue-un-premier-pas-vers-le-renforcement-des-capacites-dapplication-de-la-loi\/","name":"D\u00e9claration aux m\u00e9dias : La FPN se f\u00e9licite du projet de loi C-2, qui constitue un premier pas vers le renforcement des capacit\u00e9s d'application de la loi\u00a0 - NPF-FPN","isPartOf":{"@id":"https:\/\/npf-fpn.com\/#website"},"datePublished":"2025-06-06T16:17:09+00:00","dateModified":"2025-06-06T16:17:10+00:00","breadcrumb":{"@id":"https:\/\/npf-fpn.com\/fr\/news-item\/declaration-aux-medias-la-fpn-se-felicite-du-projet-de-loi-c-2-qui-constitue-un-premier-pas-vers-le-renforcement-des-capacites-dapplication-de-la-loi\/#breadcrumb"},"inLanguage":"fr-FR","potentialAction":[{"@type":"ReadAction","target":["https:\/\/npf-fpn.com\/fr\/news-item\/declaration-aux-medias-la-fpn-se-felicite-du-projet-de-loi-c-2-qui-constitue-un-premier-pas-vers-le-renforcement-des-capacites-dapplication-de-la-loi\/"]}]},{"@type":"BreadcrumbList","@id":"https:\/\/npf-fpn.com\/fr\/news-item\/declaration-aux-medias-la-fpn-se-felicite-du-projet-de-loi-c-2-qui-constitue-un-premier-pas-vers-le-renforcement-des-capacites-dapplication-de-la-loi\/#breadcrumb","itemListElement":[{"@type":"ListItem","position":1,"name":"Accueil","item":"https:\/\/npf-fpn.com\/fr\/"},{"@type":"ListItem","position":2,"name":"D\u00e9claration aux m\u00e9dias : La FPN se f\u00e9licite du projet de loi C-2, qui constitue un premier pas vers le renforcement des capacit\u00e9s d&#8217;application de la loi\u00a0"}]},{"@type":"WebSite","@id":"https:\/\/npf-fpn.com\/#website","url":"https:\/\/npf-fpn.com\/","name":"NPF-FPN","description":"Providing strong, fair and progressive representation to almost 20,000 RCMP members across Canada.","publisher":{"@id":"https:\/\/npf-fpn.com\/#organization"},"potentialAction":[{"@type":"SearchAction","target":{"@type":"EntryPoint","urlTemplate":"https:\/\/npf-fpn.com\/?s={search_term_string}"},"query-input":{"@type":"PropertyValueSpecification","valueRequired":true,"valueName":"search_term_string"}}],"inLanguage":"fr-FR"},{"@type":"Organization","@id":"https:\/\/npf-fpn.com\/#organization","name":"NPF-FPN","url":"https:\/\/npf-fpn.com\/","logo":{"@type":"ImageObject","inLanguage":"fr-FR","@id":"https:\/\/npf-fpn.com\/#\/schema\/logo\/image\/","url":"https:\/\/npf-fpn.com\/app\/uploads\/2022\/01\/NPF.jpg","contentUrl":"https:\/\/npf-fpn.com\/app\/uploads\/2022\/01\/NPF.jpg","width":200,"height":200,"caption":"NPF-FPN"},"image":{"@id":"https:\/\/npf-fpn.com\/#\/schema\/logo\/image\/"}}]}},"_links":{"self":[{"href":"https:\/\/npf-fpn.com\/fr\/wp-json\/wp\/v2\/news\/60228","targetHints":{"allow":["GET"]}}],"collection":[{"href":"https:\/\/npf-fpn.com\/fr\/wp-json\/wp\/v2\/news"}],"about":[{"href":"https:\/\/npf-fpn.com\/fr\/wp-json\/wp\/v2\/types\/news"}],"wp:attachment":[{"href":"https:\/\/npf-fpn.com\/fr\/wp-json\/wp\/v2\/media?parent=60228"}],"wp:term":[{"taxonomy":"news_type","embeddable":true,"href":"https:\/\/npf-fpn.com\/fr\/wp-json\/wp\/v2\/news_type?post=60228"},{"taxonomy":"audiences","embeddable":true,"href":"https:\/\/npf-fpn.com\/fr\/wp-json\/wp\/v2\/audiences?post=60228"},{"taxonomy":"news_topics","embeddable":true,"href":"https:\/\/npf-fpn.com\/fr\/wp-json\/wp\/v2\/news_topics?post=60228"}],"curies":[{"name":"wp","href":"https:\/\/api.w.org\/{rel}","templated":true}]}}