{"id":57525,"date":"2025-01-29T14:15:40","date_gmt":"2025-01-29T14:15:40","guid":{"rendered":"https:\/\/npf-fpn.com\/?post_type=news&#038;p=57525"},"modified":"2025-01-29T14:15:41","modified_gmt":"2025-01-29T14:15:41","slug":"les-resultats-des-elections-des-representants-locaux-et-des-delegues-a-lassemblee-generale-annuelle","status":"publish","type":"news","link":"https:\/\/npf-fpn.com\/fr\/news-item\/les-resultats-des-elections-des-representants-locaux-et-des-delegues-a-lassemblee-generale-annuelle\/","title":{"rendered":"Les r\u00e9sultats des \u00e9lections des repr\u00e9sentants locaux et des d\u00e9l\u00e9gu\u00e9s \u00e0 l&#8217;assembl\u00e9e g\u00e9n\u00e9rale annuelle"},"content":{"rendered":"\n<p>Bonjour Martina,<\/p>\n\n\n\n<p>Nous sommes ravis d&#8217;annoncer les r\u00e9sultats des \u00e9lections des&nbsp;<a href=\"https:\/\/npf-fpn.us13.list-manage.com\/track\/click?u=372c3beded56c31ecbae984b5&amp;id=a02e8fb38a&amp;e=34a62598f3\">repr\u00e9sentants locaux<\/a>&nbsp;(RL) et des&nbsp;<a href=\"https:\/\/npf-fpn.us13.list-manage.com\/track\/click?u=372c3beded56c31ecbae984b5&amp;id=f1ba95aaf2&amp;e=34a62598f3\">d\u00e9l\u00e9gu\u00e9s \u00e0 l&#8217;assembl\u00e9e g\u00e9n\u00e9rale annuelle (AGA)<\/a>! F\u00e9licitations \u00e0 tous les candidats retenus, y compris ceux qui ont \u00e9t\u00e9 \u00e9lus par acclamation pr\u00e9c\u00e9demment (comme indiqu\u00e9 dans la&nbsp;<a href=\"https:\/\/npf-fpn.us13.list-manage.com\/track\/click?u=372c3beded56c31ecbae984b5&amp;id=993f98d674&amp;e=34a62598f3\">mise \u00e0 jour des membres du 14 janvier<\/a>) :<\/p>\n\n\n\n<p><strong>Repr\u00e9sentants locaux \u00e9lus&nbsp;&nbsp;<\/strong><\/p>\n\n\n\n<p>R\u00e9gion Atlantique \/ Centrale<\/p>\n\n\n\n<ul class=\"wp-block-list\">\n<li>Division O GTA (1) : Sachin Verma\u00a0\u00a0<\/li>\n\n\n\n<li>Membre \u00e0 titre personnel (1) : Phillip Vautour\u00a0\u00a0<\/li>\n<\/ul>\n\n\n\n<p>R\u00e9gion Pacifique \/ Nord<\/p>\n\n\n\n<ul class=\"wp-block-list\">\n<li>Division E Nord (1) : Nathan Aspenlind\u00a0\u00a0<\/li>\n\n\n\n<li>Membre \u00e0 titre personnel (1) : Neal Machek\u00a0\u00a0<\/li>\n<\/ul>\n\n\n\n<p>R\u00e9gion des Prairies<\/p>\n\n\n\n<ul class=\"wp-block-list\">\n<li>Division F D\u00e9p\u00f4t (1) : Heather Cosenzo\u00a0\u00a0<\/li>\n<\/ul>\n\n\n\n<p>Note : Les coordonn\u00e9es des RL nouvellement \u00e9lus seront communiqu\u00e9es une fois qu&#8217;ils auront officiellement pris leurs fonctions.&nbsp;&nbsp;<br><br>En ce qui concerne l&#8217;avenir, les postes de RL seront \u00e0 pourvoir lors des prochaines \u00e9lections, \u00e0 l&#8217;\u00e9t\u00e9 2025. Nous encourageons tous les membres \u00e0 soumettre leur candidature et \u00e0 participer \u00e0 ce processus important.&nbsp;&nbsp;<br><br><strong>D\u00e9l\u00e9gu\u00e9s \u00e9lus \u00e0 l&#8217;AGA&nbsp;&nbsp;<\/strong><br><br>Vous trouverez ci-dessous les coordonn\u00e9es des d\u00e9l\u00e9gu\u00e9s \u00e0 l&#8217;AGA nouvellement \u00e9lus, ce qui vous permettra d&#8217;entrer en contact avec vos repr\u00e9sentants r\u00e9gionaux.&nbsp;&nbsp;<br><br>R\u00e9gion Atlantique \/ Centre<\/p>\n\n\n\n<ul class=\"wp-block-list\">\n<li>Hue Martin |\u00a0<a href=\"mailto:hmartin@npf-fpn.com\">hmartin@npf-fpn.com<\/a>\u00a0\u00a0\u00a0<\/li>\n\n\n\n<li>Nicolas LeRoux |\u00a0<a href=\"mailto:nleroux@npf-fpn.com\">nleroux@npf-fpn.com<\/a>\u00a0\u00a0<\/li>\n\n\n\n<li>Neil Vaid |\u00a0<a href=\"mailto:nvaid@npf-fpn.com\">nvaid@npf-fpn.com<\/a>\u00a0\u00a0\u00a0<\/li>\n\n\n\n<li>Alex Roussel |\u00a0<a href=\"mailto:aroussel@npf-fpn.com\">aroussel@npf-fpn.com<\/a>\u00a0\u00a0\u00a0<\/li>\n\n\n\n<li>Eric Desmers |\u00a0<a href=\"mailto:edemers@npf-fpn.com\">edemers@npf-fpn.com<\/a>\u00a0\u00a0\u00a0<\/li>\n\n\n\n<li>Peter Merrifield |\u00a0<a href=\"mailto:petemerrifield@bell.net\">petemerrifield@bell.net<\/a>\u00a0\u00a0\u00a0<\/li>\n<\/ul>\n\n\n\n<p>R\u00e9gion Pacifique \/ Nord<\/p>\n\n\n\n<ul class=\"wp-block-list\">\n<li>Jordan Irvine |\u00a0<a href=\"mailto:jordan.irvine@telus.net\">jordan.irvine@telus.net<\/a>\u00a0\u00a0\u00a0<\/li>\n\n\n\n<li>Brandon Buliziuk |\u00a0<a href=\"mailto:bbuliziuk@npf-fpn.com\">bbuliziuk@npf-fpn.com<\/a>\u00a0\u00a0\u00a0<\/li>\n\n\n\n<li>Andrew Popein |\u00a0<a href=\"mailto:apopein@npf-fpn.com\">apopein@npf-fpn.com<\/a>\u00a0\u00a0\u00a0<\/li>\n\n\n\n<li>Edwin Kwok |\u00a0<a href=\"mailto:ekwok@npf-fpn.com\">ekwok@npf-fpn.com<\/a>\u00a0\u00a0\u00a0<\/li>\n\n\n\n<li>Neal Machek |\u00a0<a href=\"mailto:nealmachek@gmail.com\">nealmachek@gmail.com<\/a>\u00a0\u00a0\u00a0<\/li>\n\n\n\n<li>Dustin Young |\u00a0<a href=\"mailto:dyoung@npf-fpn.com\">dyoung@npf-fpn.com<\/a>\u00a0\u00a0\u00a0<\/li>\n\n\n\n<li>Tim Cucheran |\u00a0<a href=\"mailto:tim.cuch@gmail.com\">tim.cuch@gmail.com<\/a>\u00a0\u00a0\u00a0<\/li>\n\n\n\n<li>Kalinda Link |\u00a0<a href=\"mailto:kmlink@telus.net\">kmlink@telus.net<\/a>\u00a0\u00a0\u00a0<\/li>\n<\/ul>\n\n\n\n<p>R\u00e9gion des Prairies<\/p>\n\n\n\n<ul class=\"wp-block-list\">\n<li>Peter Wise |\u00a0<a href=\"mailto:pwise@npf-fpn.com\">pwise@npf-fpn.com<\/a>\u00a0\u00a0\u00a0<\/li>\n\n\n\n<li>Nicole Bonneville |\u00a0<a href=\"mailto:nbonneville@npf-fpn.com\">nbonneville@npf-fpn.com<\/a>\u00a0\u00a0\u00a0<\/li>\n\n\n\n<li>Douglas Nordick |\u00a0<a href=\"mailto:doug.nordick@sasktel.net\">doug.nordick@sasktel.net<\/a>\u00a0\u00a0\u00a0<\/li>\n\n\n\n<li>Damon Atwood |\u00a0<a href=\"mailto:damonatwood@gmail.com\">damonatwood@gmail.com<\/a>\u00a0\u00a0\u00a0<\/li>\n<\/ul>\n\n\n\n<p>Nous remercions chaleureusement tous les membres qui se sont port\u00e9s candidats \u00e0 ces postes et tous ceux qui ont particip\u00e9 au vote. Votre engagement renforce votre syndicat et garantit une repr\u00e9sentation solide.&nbsp;<br><br>Sinc\u00e8res salutations,&nbsp;<\/p>\n\n\n\n<figure class=\"wp-block-image size-full is-resized\"><img decoding=\"async\" width=\"450\" height=\"181\" src=\"https:\/\/npf-fpn.com\/app\/uploads\/2025\/01\/Neil-Vaid_FR.png\" alt=\"\" class=\"wp-image-57282\" style=\"width:288px;height:auto\" srcset=\"https:\/\/npf-fpn.com\/app\/uploads\/2025\/01\/Neil-Vaid_FR.png 450w, https:\/\/npf-fpn.com\/app\/uploads\/2025\/01\/Neil-Vaid_FR-300x121.png 300w, https:\/\/npf-fpn.com\/app\/uploads\/2025\/01\/Neil-Vaid_FR-390x157.png 390w\" sizes=\"(max-width: 450px) 100vw, 450px\" \/><\/figure>\n","protected":false},"excerpt":{"rendered":"<p>Bonjour Martina, Nous sommes ravis d&#8217;annoncer les r\u00e9sultats des \u00e9lections des&nbsp;repr\u00e9sentants locaux&nbsp;(RL) et des&nbsp;d\u00e9l\u00e9gu\u00e9s \u00e0 l&#8217;assembl\u00e9e g\u00e9n\u00e9rale annuelle (AGA)! F\u00e9licitations \u00e0 tous les candidats retenus, y compris ceux qui ont \u00e9t\u00e9 \u00e9lus par acclamation pr\u00e9c\u00e9demment (comme indiqu\u00e9 dans la&nbsp;mise \u00e0 [&hellip;]<\/p>\n","protected":false},"featured_media":0,"template":"","news_type":[44],"audiences":[79],"news_topics":[],"class_list":["post-57525","news","type-news","status-publish","hentry","news_type-member-updates-fr","audiences-npf-members-fr"],"acf":[],"yoast_head":"<!-- This site is optimized with the Yoast SEO plugin v27.4 - https:\/\/yoast.com\/product\/yoast-seo-wordpress\/ -->\n<title>Les r\u00e9sultats des \u00e9lections des repr\u00e9sentants locaux et des d\u00e9l\u00e9gu\u00e9s \u00e0 l&#039;assembl\u00e9e g\u00e9n\u00e9rale annuelle - NPF-FPN<\/title>\n<meta name=\"robots\" content=\"index, follow, max-snippet:-1, max-image-preview:large, max-video-preview:-1\" \/>\n<link rel=\"canonical\" href=\"https:\/\/npf-fpn.com\/fr\/news-item\/les-resultats-des-elections-des-representants-locaux-et-des-delegues-a-lassemblee-generale-annuelle\/\" \/>\n<meta property=\"og:locale\" content=\"fr_FR\" \/>\n<meta property=\"og:type\" content=\"article\" \/>\n<meta property=\"og:title\" content=\"Les r\u00e9sultats des \u00e9lections des repr\u00e9sentants locaux et des d\u00e9l\u00e9gu\u00e9s \u00e0 l&#039;assembl\u00e9e g\u00e9n\u00e9rale annuelle - NPF-FPN\" \/>\n<meta property=\"og:description\" content=\"Bonjour Martina, Nous sommes ravis d&#8217;annoncer les r\u00e9sultats des \u00e9lections des&nbsp;repr\u00e9sentants locaux&nbsp;(RL) et des&nbsp;d\u00e9l\u00e9gu\u00e9s \u00e0 l&#8217;assembl\u00e9e g\u00e9n\u00e9rale annuelle (AGA)! F\u00e9licitations \u00e0 tous les candidats retenus, y compris ceux qui ont \u00e9t\u00e9 \u00e9lus par acclamation pr\u00e9c\u00e9demment (comme indiqu\u00e9 dans la&nbsp;mise \u00e0 [&hellip;]\" \/>\n<meta property=\"og:url\" content=\"https:\/\/npf-fpn.com\/fr\/news-item\/les-resultats-des-elections-des-representants-locaux-et-des-delegues-a-lassemblee-generale-annuelle\/\" \/>\n<meta property=\"og:site_name\" content=\"NPF-FPN\" \/>\n<meta property=\"article:modified_time\" content=\"2025-01-29T14:15:41+00:00\" \/>\n<meta property=\"og:image\" content=\"https:\/\/npf-fpn.com\/app\/uploads\/2025\/01\/Neil-Vaid_FR.png\" \/>\n\t<meta property=\"og:image:width\" content=\"450\" \/>\n\t<meta property=\"og:image:height\" content=\"181\" \/>\n\t<meta property=\"og:image:type\" content=\"image\/png\" \/>\n<meta name=\"twitter:card\" content=\"summary_large_image\" \/>\n<meta name=\"twitter:label1\" content=\"Est. reading time\" \/>\n\t<meta name=\"twitter:data1\" content=\"2 minutes\" \/>\n<script type=\"application\/ld+json\" class=\"yoast-schema-graph\">{\"@context\":\"https:\\\/\\\/schema.org\",\"@graph\":[{\"@type\":\"WebPage\",\"@id\":\"https:\\\/\\\/npf-fpn.com\\\/fr\\\/news-item\\\/les-resultats-des-elections-des-representants-locaux-et-des-delegues-a-lassemblee-generale-annuelle\\\/\",\"url\":\"https:\\\/\\\/npf-fpn.com\\\/fr\\\/news-item\\\/les-resultats-des-elections-des-representants-locaux-et-des-delegues-a-lassemblee-generale-annuelle\\\/\",\"name\":\"Les r\u00e9sultats des \u00e9lections des repr\u00e9sentants locaux et des d\u00e9l\u00e9gu\u00e9s \u00e0 l'assembl\u00e9e g\u00e9n\u00e9rale annuelle - NPF-FPN\",\"isPartOf\":{\"@id\":\"https:\\\/\\\/npf-fpn.com\\\/#website\"},\"primaryImageOfPage\":{\"@id\":\"https:\\\/\\\/npf-fpn.com\\\/fr\\\/news-item\\\/les-resultats-des-elections-des-representants-locaux-et-des-delegues-a-lassemblee-generale-annuelle\\\/#primaryimage\"},\"image\":{\"@id\":\"https:\\\/\\\/npf-fpn.com\\\/fr\\\/news-item\\\/les-resultats-des-elections-des-representants-locaux-et-des-delegues-a-lassemblee-generale-annuelle\\\/#primaryimage\"},\"thumbnailUrl\":\"https:\\\/\\\/npf-fpn.com\\\/app\\\/uploads\\\/2025\\\/01\\\/Neil-Vaid_FR.png\",\"datePublished\":\"2025-01-29T14:15:40+00:00\",\"dateModified\":\"2025-01-29T14:15:41+00:00\",\"breadcrumb\":{\"@id\":\"https:\\\/\\\/npf-fpn.com\\\/fr\\\/news-item\\\/les-resultats-des-elections-des-representants-locaux-et-des-delegues-a-lassemblee-generale-annuelle\\\/#breadcrumb\"},\"inLanguage\":\"fr-FR\",\"potentialAction\":[{\"@type\":\"ReadAction\",\"target\":[\"https:\\\/\\\/npf-fpn.com\\\/fr\\\/news-item\\\/les-resultats-des-elections-des-representants-locaux-et-des-delegues-a-lassemblee-generale-annuelle\\\/\"]}]},{\"@type\":\"ImageObject\",\"inLanguage\":\"fr-FR\",\"@id\":\"https:\\\/\\\/npf-fpn.com\\\/fr\\\/news-item\\\/les-resultats-des-elections-des-representants-locaux-et-des-delegues-a-lassemblee-generale-annuelle\\\/#primaryimage\",\"url\":\"https:\\\/\\\/npf-fpn.com\\\/app\\\/uploads\\\/2025\\\/01\\\/Neil-Vaid_FR.png\",\"contentUrl\":\"https:\\\/\\\/npf-fpn.com\\\/app\\\/uploads\\\/2025\\\/01\\\/Neil-Vaid_FR.png\"},{\"@type\":\"BreadcrumbList\",\"@id\":\"https:\\\/\\\/npf-fpn.com\\\/fr\\\/news-item\\\/les-resultats-des-elections-des-representants-locaux-et-des-delegues-a-lassemblee-generale-annuelle\\\/#breadcrumb\",\"itemListElement\":[{\"@type\":\"ListItem\",\"position\":1,\"name\":\"Accueil\",\"item\":\"https:\\\/\\\/npf-fpn.com\\\/fr\\\/\"},{\"@type\":\"ListItem\",\"position\":2,\"name\":\"Les r\u00e9sultats des \u00e9lections des repr\u00e9sentants locaux et des d\u00e9l\u00e9gu\u00e9s \u00e0 l&#8217;assembl\u00e9e g\u00e9n\u00e9rale annuelle\"}]},{\"@type\":\"WebSite\",\"@id\":\"https:\\\/\\\/npf-fpn.com\\\/#website\",\"url\":\"https:\\\/\\\/npf-fpn.com\\\/\",\"name\":\"NPF-FPN\",\"description\":\"Providing strong, fair and progressive representation to almost 20,000 RCMP members across Canada.\",\"publisher\":{\"@id\":\"https:\\\/\\\/npf-fpn.com\\\/#organization\"},\"potentialAction\":[{\"@type\":\"SearchAction\",\"target\":{\"@type\":\"EntryPoint\",\"urlTemplate\":\"https:\\\/\\\/npf-fpn.com\\\/?s={search_term_string}\"},\"query-input\":{\"@type\":\"PropertyValueSpecification\",\"valueRequired\":true,\"valueName\":\"search_term_string\"}}],\"inLanguage\":\"fr-FR\"},{\"@type\":\"Organization\",\"@id\":\"https:\\\/\\\/npf-fpn.com\\\/#organization\",\"name\":\"NPF-FPN\",\"url\":\"https:\\\/\\\/npf-fpn.com\\\/\",\"logo\":{\"@type\":\"ImageObject\",\"inLanguage\":\"fr-FR\",\"@id\":\"https:\\\/\\\/npf-fpn.com\\\/#\\\/schema\\\/logo\\\/image\\\/\",\"url\":\"https:\\\/\\\/npf-fpn.com\\\/app\\\/uploads\\\/2022\\\/01\\\/NPF.jpg\",\"contentUrl\":\"https:\\\/\\\/npf-fpn.com\\\/app\\\/uploads\\\/2022\\\/01\\\/NPF.jpg\",\"width\":200,\"height\":200,\"caption\":\"NPF-FPN\"},\"image\":{\"@id\":\"https:\\\/\\\/npf-fpn.com\\\/#\\\/schema\\\/logo\\\/image\\\/\"}}]}<\/script>\n<!-- \/ Yoast SEO plugin. -->","yoast_head_json":{"title":"Les r\u00e9sultats des \u00e9lections des repr\u00e9sentants locaux et des d\u00e9l\u00e9gu\u00e9s \u00e0 l'assembl\u00e9e g\u00e9n\u00e9rale annuelle - NPF-FPN","robots":{"index":"index","follow":"follow","max-snippet":"max-snippet:-1","max-image-preview":"max-image-preview:large","max-video-preview":"max-video-preview:-1"},"canonical":"https:\/\/npf-fpn.com\/fr\/news-item\/les-resultats-des-elections-des-representants-locaux-et-des-delegues-a-lassemblee-generale-annuelle\/","og_locale":"fr_FR","og_type":"article","og_title":"Les r\u00e9sultats des \u00e9lections des repr\u00e9sentants locaux et des d\u00e9l\u00e9gu\u00e9s \u00e0 l'assembl\u00e9e g\u00e9n\u00e9rale annuelle - NPF-FPN","og_description":"Bonjour Martina, Nous sommes ravis d&#8217;annoncer les r\u00e9sultats des \u00e9lections des&nbsp;repr\u00e9sentants locaux&nbsp;(RL) et des&nbsp;d\u00e9l\u00e9gu\u00e9s \u00e0 l&#8217;assembl\u00e9e g\u00e9n\u00e9rale annuelle (AGA)! F\u00e9licitations \u00e0 tous les candidats retenus, y compris ceux qui ont \u00e9t\u00e9 \u00e9lus par acclamation pr\u00e9c\u00e9demment (comme indiqu\u00e9 dans la&nbsp;mise \u00e0 [&hellip;]","og_url":"https:\/\/npf-fpn.com\/fr\/news-item\/les-resultats-des-elections-des-representants-locaux-et-des-delegues-a-lassemblee-generale-annuelle\/","og_site_name":"NPF-FPN","article_modified_time":"2025-01-29T14:15:41+00:00","og_image":[{"width":450,"height":181,"url":"https:\/\/npf-fpn.com\/app\/uploads\/2025\/01\/Neil-Vaid_FR.png","type":"image\/png"}],"twitter_card":"summary_large_image","twitter_misc":{"Est. reading time":"2 minutes"},"schema":{"@context":"https:\/\/schema.org","@graph":[{"@type":"WebPage","@id":"https:\/\/npf-fpn.com\/fr\/news-item\/les-resultats-des-elections-des-representants-locaux-et-des-delegues-a-lassemblee-generale-annuelle\/","url":"https:\/\/npf-fpn.com\/fr\/news-item\/les-resultats-des-elections-des-representants-locaux-et-des-delegues-a-lassemblee-generale-annuelle\/","name":"Les r\u00e9sultats des \u00e9lections des repr\u00e9sentants locaux et des d\u00e9l\u00e9gu\u00e9s \u00e0 l'assembl\u00e9e g\u00e9n\u00e9rale annuelle - NPF-FPN","isPartOf":{"@id":"https:\/\/npf-fpn.com\/#website"},"primaryImageOfPage":{"@id":"https:\/\/npf-fpn.com\/fr\/news-item\/les-resultats-des-elections-des-representants-locaux-et-des-delegues-a-lassemblee-generale-annuelle\/#primaryimage"},"image":{"@id":"https:\/\/npf-fpn.com\/fr\/news-item\/les-resultats-des-elections-des-representants-locaux-et-des-delegues-a-lassemblee-generale-annuelle\/#primaryimage"},"thumbnailUrl":"https:\/\/npf-fpn.com\/app\/uploads\/2025\/01\/Neil-Vaid_FR.png","datePublished":"2025-01-29T14:15:40+00:00","dateModified":"2025-01-29T14:15:41+00:00","breadcrumb":{"@id":"https:\/\/npf-fpn.com\/fr\/news-item\/les-resultats-des-elections-des-representants-locaux-et-des-delegues-a-lassemblee-generale-annuelle\/#breadcrumb"},"inLanguage":"fr-FR","potentialAction":[{"@type":"ReadAction","target":["https:\/\/npf-fpn.com\/fr\/news-item\/les-resultats-des-elections-des-representants-locaux-et-des-delegues-a-lassemblee-generale-annuelle\/"]}]},{"@type":"ImageObject","inLanguage":"fr-FR","@id":"https:\/\/npf-fpn.com\/fr\/news-item\/les-resultats-des-elections-des-representants-locaux-et-des-delegues-a-lassemblee-generale-annuelle\/#primaryimage","url":"https:\/\/npf-fpn.com\/app\/uploads\/2025\/01\/Neil-Vaid_FR.png","contentUrl":"https:\/\/npf-fpn.com\/app\/uploads\/2025\/01\/Neil-Vaid_FR.png"},{"@type":"BreadcrumbList","@id":"https:\/\/npf-fpn.com\/fr\/news-item\/les-resultats-des-elections-des-representants-locaux-et-des-delegues-a-lassemblee-generale-annuelle\/#breadcrumb","itemListElement":[{"@type":"ListItem","position":1,"name":"Accueil","item":"https:\/\/npf-fpn.com\/fr\/"},{"@type":"ListItem","position":2,"name":"Les r\u00e9sultats des \u00e9lections des repr\u00e9sentants locaux et des d\u00e9l\u00e9gu\u00e9s \u00e0 l&#8217;assembl\u00e9e g\u00e9n\u00e9rale annuelle"}]},{"@type":"WebSite","@id":"https:\/\/npf-fpn.com\/#website","url":"https:\/\/npf-fpn.com\/","name":"NPF-FPN","description":"Providing strong, fair and progressive representation to almost 20,000 RCMP members across Canada.","publisher":{"@id":"https:\/\/npf-fpn.com\/#organization"},"potentialAction":[{"@type":"SearchAction","target":{"@type":"EntryPoint","urlTemplate":"https:\/\/npf-fpn.com\/?s={search_term_string}"},"query-input":{"@type":"PropertyValueSpecification","valueRequired":true,"valueName":"search_term_string"}}],"inLanguage":"fr-FR"},{"@type":"Organization","@id":"https:\/\/npf-fpn.com\/#organization","name":"NPF-FPN","url":"https:\/\/npf-fpn.com\/","logo":{"@type":"ImageObject","inLanguage":"fr-FR","@id":"https:\/\/npf-fpn.com\/#\/schema\/logo\/image\/","url":"https:\/\/npf-fpn.com\/app\/uploads\/2022\/01\/NPF.jpg","contentUrl":"https:\/\/npf-fpn.com\/app\/uploads\/2022\/01\/NPF.jpg","width":200,"height":200,"caption":"NPF-FPN"},"image":{"@id":"https:\/\/npf-fpn.com\/#\/schema\/logo\/image\/"}}]}},"_links":{"self":[{"href":"https:\/\/npf-fpn.com\/fr\/wp-json\/wp\/v2\/news\/57525","targetHints":{"allow":["GET"]}}],"collection":[{"href":"https:\/\/npf-fpn.com\/fr\/wp-json\/wp\/v2\/news"}],"about":[{"href":"https:\/\/npf-fpn.com\/fr\/wp-json\/wp\/v2\/types\/news"}],"wp:attachment":[{"href":"https:\/\/npf-fpn.com\/fr\/wp-json\/wp\/v2\/media?parent=57525"}],"wp:term":[{"taxonomy":"news_type","embeddable":true,"href":"https:\/\/npf-fpn.com\/fr\/wp-json\/wp\/v2\/news_type?post=57525"},{"taxonomy":"audiences","embeddable":true,"href":"https:\/\/npf-fpn.com\/fr\/wp-json\/wp\/v2\/audiences?post=57525"},{"taxonomy":"news_topics","embeddable":true,"href":"https:\/\/npf-fpn.com\/fr\/wp-json\/wp\/v2\/news_topics?post=57525"}],"curies":[{"name":"wp","href":"https:\/\/api.w.org\/{rel}","templated":true}]}}