{"id":57516,"date":"2025-01-28T21:08:38","date_gmt":"2025-01-28T21:08:38","guid":{"rendered":"https:\/\/npf-fpn.com\/?post_type=news&#038;p=57516"},"modified":"2025-10-08T20:24:44","modified_gmt":"2025-10-08T20:24:44","slug":"la-federation-de-la-police-nationale-fait-part-de-ses-recommandations-pour-renforcer-la-frontiere-canado-americaine","status":"publish","type":"news","link":"https:\/\/npf-fpn.com\/fr\/news-item\/la-federation-de-la-police-nationale-fait-part-de-ses-recommandations-pour-renforcer-la-frontiere-canado-americaine\/","title":{"rendered":"La F\u00e9d\u00e9ration de la police nationale fait part de ses recommandations pour renforcer la fronti\u00e8re canado-am\u00e9ricaine\u00a0\u00a0"},"content":{"rendered":"\n<p class=\"has-text-align-center\">Le syndicat de la GRC a organis\u00e9 des r\u00e9unions avec ses homologues am\u00e9ricains et canadiens de la police des fronti\u00e8res&nbsp;<\/p>\n\n\n\n<p><strong>28 janvier 2025<\/strong>&nbsp;<\/p>\n\n\n\n<p><strong>Ottawa, ON &#8211; <\/strong>La F\u00e9d\u00e9ration de la police nationale (FPN) a pr\u00e9par\u00e9 un document de r\u00e9f\u00e9rence \u00e0 l&#8217;intention du gouvernement, qui r\u00e9sume les recommandations d\u00e9coulant des r\u00e9centes discussions avec les syndicats canadiens et am\u00e9ricains de la police et de la s\u00e9curit\u00e9 publique en vue d&#8217;aborder les d\u00e9fis communs en mati\u00e8re de s\u00e9curit\u00e9 frontali\u00e8re et d&#8217;explorer des solutions de collaboration. Alors que les gouvernements discutent activement de ces questions et adoptent des solutions \u00e0 court terme, il est important que les personnes sur le terrain aient \u00e9galement une voix active, en particulier en ce qui concerne les solutions \u00e0 long terme.&nbsp;&nbsp;<\/p>\n\n\n\n<p>La FPN a organis\u00e9 une s\u00e9rie de r\u00e9unions avec des repr\u00e9sentants des principales organisations syndicales de la police des fronti\u00e8res, notamment l\u2019Association nationale des agents de l&#8217;immigration, des douanes et de l&#8217;application des lois, l\u2019Association de bienfaisance des policiers de l&#8217;\u00c9tat de New York&nbsp;et l\u2019Association des agents de police du Vermont&nbsp;aux \u00c9tats-Unis, ainsi que la Police provinciale de l\u2019Ontario, l&#8217;Association des polici\u00e8res et policiers provinciaux du Qu\u00e9bec et le&nbsp;Syndicat des Douanes et de l\u2019Immigration (SDI)&nbsp;au Canada.&nbsp;<\/p>\n\n\n\n<p>Encourag\u00e9es par le plan de s\u00e9curit\u00e9 frontali\u00e8re du gouvernement canadien et les r\u00e9centes annonces de financement, les discussions se sont concentr\u00e9es sur les probl\u00e8mes transfrontaliers critiques tels que la migration ill\u00e9gale, la contrebande de drogues et d&#8217;armes \u00e0 feu et le trafic d&#8217;\u00eatres humains. Tous les repr\u00e9sentants ont soulign\u00e9 l&#8217;importance de renforcer la communication entre les agences, d&#8217;am\u00e9liorer les pratiques de partage d&#8217;informations et d&#8217;am\u00e9liorer l&#8217;int\u00e9gration op\u00e9rationnelle entre les agences canadiennes et am\u00e9ricaines.&nbsp;<\/p>\n\n\n\n<p>\u00ab&nbsp;La fronti\u00e8re entre le Canada et les \u00c9tats-Unis est l&#8217;un des corridors \u00e9conomiques et s\u00e9curitaires les plus importants au monde et nos membres assurent une protection exceptionnelle compte tenu des ressources limit\u00e9es dont ils disposent \u00e0 l&#8217;heure actuelle.&nbsp;En collaborant entre les agences et les fronti\u00e8res et en tirant parti de l&#8217;expertise de ceux qui sont sur le terrain, nous pouvons mieux relever ces d\u00e9fis complexes \u00bb, a d\u00e9clar\u00e9 le pr\u00e9sident et directeur g\u00e9n\u00e9ral de la FPN, Brian Sauv\u00e9.&nbsp;&nbsp;<\/p>\n\n\n\n<p>Dans le cadre de ces discussions, la FPN et ses homologues demandent aux gouvernements canadien et am\u00e9ricain d&#8217;accorder la priorit\u00e9 \u00e0 un financement stable, aux technologies de pointe et \u00e0 une collaboration transfrontali\u00e8re globale, en formulant les recommandations suivantes :&nbsp;&nbsp;<\/p>\n\n\n\n<p><strong><em>Supprimer les obstacles au processus d&#8217;acquisition de nouvelles technologies et de nouveaux \u00e9quipements afin d&#8217;assurer une disponibilit\u00e9 rapide.<\/em><\/strong>&nbsp;<\/p>\n\n\n\n<ol start=\"1\" class=\"wp-block-list\">\n<li><\/li>\n<\/ol>\n\n\n\n<p>Les gouvernements du Canada et des \u00c9tats-Unis doivent adopter des proc\u00e9dures&nbsp;d&#8217;acquisition plus souples afin de r\u00e9pondre rapidement aux changements dans les tendances et les comportements criminels.&nbsp;En ce qui concerne le Canada en particulier, il est recommand\u00e9 de proc\u00e9der \u00e0 un examen visant \u00e0 rationaliser ses processus d&#8217;approvisionnement afin de garantir une approche plus souple et plus r\u00e9active.&nbsp;<\/p>\n\n\n\n<p><strong><em>D\u00e9velopper des unit\u00e9s sp\u00e9cialis\u00e9es enti\u00e8rement int\u00e9gr\u00e9es afin de promouvoir le partage d&#8217;informations, la collaboration et l&#8217;application conjointe de la loi.&nbsp;<\/em><\/strong>&nbsp;<\/p>\n\n\n\n<ol start=\"2\" class=\"wp-block-list\">\n<li><\/li>\n<\/ol>\n\n\n\n<p>Afin de lutter contre les armes \u00e0 feu, le trafic d&#8217;\u00eatres humains et de stup\u00e9fiants et l&#8217;immigration clandestine, les deux pays ont besoin d&#8217;une meilleure coordination afin de cr\u00e9er et de renforcer des unit\u00e9s sp\u00e9cialis\u00e9es enti\u00e8rement int\u00e9gr\u00e9es compos\u00e9es d&#8217;agences am\u00e9ricaines et canadiennes. Il est essentiel de veiller \u00e0 ce que les informations soient r\u00e9guli\u00e8rement \u00e9chang\u00e9es entre la pl\u00e9thore d&#8217;agences.&nbsp;<\/p>\n\n\n\n<p><strong><em>Mieux utiliser le Forum sur la criminalit\u00e9 transfrontali\u00e8re pour veiller \u00e0 l&#8217;harmonisation des initiatives en mati\u00e8re de s\u00e9curit\u00e9 et d&#8217;application de la loi.&nbsp; &nbsp;<\/em><\/strong>&nbsp;<\/p>\n\n\n\n<ol start=\"3\" class=\"wp-block-list\">\n<li><\/li>\n<\/ol>\n\n\n\n<p>Pour relever plus efficacement les d\u00e9fis li\u00e9s \u00e0 la s\u00e9curit\u00e9 des fronti\u00e8res, le Forum devrait mettre en place des actions et des m\u00e9canismes de responsabilit\u00e9 clairs. Se r\u00e9unir au moins deux fois par an permettrait d&#8217;aligner en permanence les efforts en mati\u00e8re de s\u00e9curit\u00e9 et d&#8217;examiner en temps opportun l&#8217;\u00e9volution des menaces.&nbsp;<\/p>\n\n\n\n<p><strong><em>R\u00e9soudre les probl\u00e8mes actuels de dotation en personnel de la police et cr\u00e9er des plans de dotation \u00e0 long terme, soit en recrutant davantage de policiers, soit en trouvant des moyens novateurs d&#8217;utiliser les ressources partag\u00e9es actuelles pour donner la priorit\u00e9 au bien-\u00eatre mental du personnel de la s\u00e9curit\u00e9 publique.<\/em><\/strong>&nbsp;<\/p>\n\n\n\n<ol start=\"4\" class=\"wp-block-list\">\n<li><\/li>\n<\/ol>\n\n\n\n<p>\u00ab&nbsp;Nous sommes fiers des relations solides que nous avons cultiv\u00e9es avec nos partenaires canadiens et am\u00e9ricains en mati\u00e8re de s\u00e9curit\u00e9 publique. Gr\u00e2ce \u00e0 de solides cadres d&#8217;\u00e9change de renseignements et \u00e0 des ressources cibl\u00e9es, nous pouvons relever efficacement les d\u00e9fis croissants du crime organis\u00e9 \u00bb, a ajout\u00e9 le pr\u00e9sident et directeur g\u00e9n\u00e9ral de la FPN, Brian Sauv\u00e9.&nbsp;<\/p>\n\n\n\n<p>&#8220;En renfor\u00e7ant les liens et en adoptant une approche v\u00e9ritablement collaborative, nous pouvons cr\u00e9er une fronti\u00e8re s\u00fbre et r\u00e9siliente qui favorise la s\u00e9curit\u00e9 publique et la stabilit\u00e9 \u00e9conomique.&nbsp;<\/p>\n\n\n\n<p>La F\u00e9d\u00e9ration de la police nationale se r\u00e9jouit de travailler avec toutes les parties prenantes pour assurer la s\u00e9curit\u00e9 de tous les Canadiens et de nos alli\u00e9s am\u00e9ricains.&nbsp;&nbsp;<\/p>\n\n\n\n<p>Le document de r\u00e9f\u00e9rence complet est disponible ici : <a href=\"https:\/\/npf-fpn.com\/app\/uploads\/securepdfs\/2025\/01\/CDN_US-NPF-Backgrounder-01282025_FR.pdf\">https:\/\/npf-fpn.com\/app\/uploads\/2025\/10\/CDN_US-NPF-Backgrounder-01282025_FR.pdf<\/a> <\/p>\n\n\n\n<p>La page d&#8217;information sur la fronti\u00e8re canadienne est disponible ici : <a href=\"https:\/\/npf-fpn.com\/app\/uploads\/securepdfs\/2025\/01\/Who_s-Who-at-the-Border_FR.pdf\">https:\/\/npf-fpn.com\/app\/uploads\/2025\/10\/Who_s-Who-at-the-Border_FR.pdf<\/a><\/p>\n\n\n\n<p><strong>\u00c0 propos de la F\u00e9d\u00e9ration de la police nationale :<\/strong>&nbsp;<\/p>\n\n\n\n<p>La F\u00e9d\u00e9ration de la police nationale (FPN) repr\u00e9sente environ 20 000 membres de la GRC en poste au Canada et \u00e0 l\u2019\u00e9tranger. Nous sommes le plus grand syndicat de police au Canada. La FPN se concentre sur l\u2019am\u00e9lioration de la s\u00e9curit\u00e9 publique pour tous les Canadiens, y compris nos membres, en pr\u00e9conisant des investissements indispensables dans le continuum de la s\u00e9curit\u00e9 publique. Cela comprend des investissements dans les ressources polici\u00e8res et l\u2019\u00e9quipement moderne, ainsi que dans les programmes sociaux, y compris la sant\u00e9, la toxicomanie et l\u2019aide au logement, afin d\u2019am\u00e9liorer la s\u00e9curit\u00e9 et l\u2019habitabilit\u00e9 dans les nombreuses communaut\u00e9s que nous servons, grandes et petites, \u00e0 travers le Canada.&nbsp; &nbsp;<\/p>\n\n\n\n<p>Pour plus d&#8217;informations : https:\/\/npf-fpn.com\/&nbsp;<\/p>\n\n\n\n<p>Suivez-nous :&nbsp;<\/p>\n\n\n\n<p>FPN :&nbsp; <a href=\"https:\/\/www.linkedin.com\/company\/nationalpolicefederation\" target=\"_blank\" rel=\"noreferrer noopener\">LinkedIn, <\/a><a href=\"https:\/\/www.facebook.com\/nationalpolicefederation\/\" target=\"_blank\" rel=\"noreferrer noopener\">Facebook, <\/a><a href=\"https:\/\/twitter.com\/npffpn\" target=\"_blank\" rel=\"noreferrer noopener\">Twitter <\/a>et <a href=\"https:\/\/www.instagram.com\/npf_fpn\/\" target=\"_blank\" rel=\"noreferrer noopener\">Instagram<\/a>&nbsp;<\/p>\n","protected":false},"excerpt":{"rendered":"<p>Le syndicat de la GRC a organis\u00e9 des r\u00e9unions avec ses homologues am\u00e9ricains et canadiens de la police des fronti\u00e8res&nbsp; 28 janvier 2025&nbsp; Ottawa, ON &#8211; La F\u00e9d\u00e9ration de la police nationale (FPN) a pr\u00e9par\u00e9 un document de r\u00e9f\u00e9rence \u00e0 [&hellip;]<\/p>\n","protected":false},"featured_media":0,"template":"","news_type":[40],"audiences":[],"news_topics":[],"class_list":["post-57516","news","type-news","status-publish","hentry","news_type-media-releases-fr"],"acf":[],"yoast_head":"<!-- This site is optimized with the Yoast SEO plugin v27.4 - https:\/\/yoast.com\/product\/yoast-seo-wordpress\/ -->\n<title>La F\u00e9d\u00e9ration de la police nationale fait part de ses recommandations pour renforcer la fronti\u00e8re canado-am\u00e9ricaine\u00a0\u00a0 - NPF-FPN<\/title>\n<meta name=\"robots\" content=\"index, follow, max-snippet:-1, max-image-preview:large, max-video-preview:-1\" \/>\n<link rel=\"canonical\" href=\"https:\/\/npf-fpn.com\/fr\/news-item\/la-federation-de-la-police-nationale-fait-part-de-ses-recommandations-pour-renforcer-la-frontiere-canado-americaine\/\" \/>\n<meta property=\"og:locale\" content=\"fr_FR\" \/>\n<meta property=\"og:type\" content=\"article\" \/>\n<meta property=\"og:title\" content=\"La F\u00e9d\u00e9ration de la police nationale fait part de ses recommandations pour renforcer la fronti\u00e8re canado-am\u00e9ricaine\u00a0\u00a0 - NPF-FPN\" \/>\n<meta property=\"og:description\" content=\"Le syndicat de la GRC a organis\u00e9 des r\u00e9unions avec ses homologues am\u00e9ricains et canadiens de la police des fronti\u00e8res&nbsp; 28 janvier 2025&nbsp; Ottawa, ON &#8211; La F\u00e9d\u00e9ration de la police nationale (FPN) a pr\u00e9par\u00e9 un document de r\u00e9f\u00e9rence \u00e0 [&hellip;]\" \/>\n<meta property=\"og:url\" content=\"https:\/\/npf-fpn.com\/fr\/news-item\/la-federation-de-la-police-nationale-fait-part-de-ses-recommandations-pour-renforcer-la-frontiere-canado-americaine\/\" \/>\n<meta property=\"og:site_name\" content=\"NPF-FPN\" \/>\n<meta property=\"article:modified_time\" content=\"2025-10-08T20:24:44+00:00\" \/>\n<meta name=\"twitter:card\" content=\"summary_large_image\" \/>\n<meta name=\"twitter:label1\" content=\"Est. reading time\" \/>\n\t<meta name=\"twitter:data1\" content=\"5 minutes\" \/>\n<script type=\"application\/ld+json\" class=\"yoast-schema-graph\">{\"@context\":\"https:\\\/\\\/schema.org\",\"@graph\":[{\"@type\":\"WebPage\",\"@id\":\"https:\\\/\\\/npf-fpn.com\\\/fr\\\/news-item\\\/la-federation-de-la-police-nationale-fait-part-de-ses-recommandations-pour-renforcer-la-frontiere-canado-americaine\\\/\",\"url\":\"https:\\\/\\\/npf-fpn.com\\\/fr\\\/news-item\\\/la-federation-de-la-police-nationale-fait-part-de-ses-recommandations-pour-renforcer-la-frontiere-canado-americaine\\\/\",\"name\":\"La F\u00e9d\u00e9ration de la police nationale fait part de ses recommandations pour renforcer la fronti\u00e8re canado-am\u00e9ricaine\u00a0\u00a0 - NPF-FPN\",\"isPartOf\":{\"@id\":\"https:\\\/\\\/npf-fpn.com\\\/#website\"},\"datePublished\":\"2025-01-28T21:08:38+00:00\",\"dateModified\":\"2025-10-08T20:24:44+00:00\",\"breadcrumb\":{\"@id\":\"https:\\\/\\\/npf-fpn.com\\\/fr\\\/news-item\\\/la-federation-de-la-police-nationale-fait-part-de-ses-recommandations-pour-renforcer-la-frontiere-canado-americaine\\\/#breadcrumb\"},\"inLanguage\":\"fr-FR\",\"potentialAction\":[{\"@type\":\"ReadAction\",\"target\":[\"https:\\\/\\\/npf-fpn.com\\\/fr\\\/news-item\\\/la-federation-de-la-police-nationale-fait-part-de-ses-recommandations-pour-renforcer-la-frontiere-canado-americaine\\\/\"]}]},{\"@type\":\"BreadcrumbList\",\"@id\":\"https:\\\/\\\/npf-fpn.com\\\/fr\\\/news-item\\\/la-federation-de-la-police-nationale-fait-part-de-ses-recommandations-pour-renforcer-la-frontiere-canado-americaine\\\/#breadcrumb\",\"itemListElement\":[{\"@type\":\"ListItem\",\"position\":1,\"name\":\"Accueil\",\"item\":\"https:\\\/\\\/npf-fpn.com\\\/fr\\\/\"},{\"@type\":\"ListItem\",\"position\":2,\"name\":\"La F\u00e9d\u00e9ration de la police nationale fait part de ses recommandations pour renforcer la fronti\u00e8re canado-am\u00e9ricaine\u00a0\u00a0\"}]},{\"@type\":\"WebSite\",\"@id\":\"https:\\\/\\\/npf-fpn.com\\\/#website\",\"url\":\"https:\\\/\\\/npf-fpn.com\\\/\",\"name\":\"NPF-FPN\",\"description\":\"Providing strong, fair and progressive representation to almost 20,000 RCMP members across Canada.\",\"publisher\":{\"@id\":\"https:\\\/\\\/npf-fpn.com\\\/#organization\"},\"potentialAction\":[{\"@type\":\"SearchAction\",\"target\":{\"@type\":\"EntryPoint\",\"urlTemplate\":\"https:\\\/\\\/npf-fpn.com\\\/?s={search_term_string}\"},\"query-input\":{\"@type\":\"PropertyValueSpecification\",\"valueRequired\":true,\"valueName\":\"search_term_string\"}}],\"inLanguage\":\"fr-FR\"},{\"@type\":\"Organization\",\"@id\":\"https:\\\/\\\/npf-fpn.com\\\/#organization\",\"name\":\"NPF-FPN\",\"url\":\"https:\\\/\\\/npf-fpn.com\\\/\",\"logo\":{\"@type\":\"ImageObject\",\"inLanguage\":\"fr-FR\",\"@id\":\"https:\\\/\\\/npf-fpn.com\\\/#\\\/schema\\\/logo\\\/image\\\/\",\"url\":\"https:\\\/\\\/npf-fpn.com\\\/app\\\/uploads\\\/2022\\\/01\\\/NPF.jpg\",\"contentUrl\":\"https:\\\/\\\/npf-fpn.com\\\/app\\\/uploads\\\/2022\\\/01\\\/NPF.jpg\",\"width\":200,\"height\":200,\"caption\":\"NPF-FPN\"},\"image\":{\"@id\":\"https:\\\/\\\/npf-fpn.com\\\/#\\\/schema\\\/logo\\\/image\\\/\"}}]}<\/script>\n<!-- \/ Yoast SEO plugin. -->","yoast_head_json":{"title":"La F\u00e9d\u00e9ration de la police nationale fait part de ses recommandations pour renforcer la fronti\u00e8re canado-am\u00e9ricaine\u00a0\u00a0 - NPF-FPN","robots":{"index":"index","follow":"follow","max-snippet":"max-snippet:-1","max-image-preview":"max-image-preview:large","max-video-preview":"max-video-preview:-1"},"canonical":"https:\/\/npf-fpn.com\/fr\/news-item\/la-federation-de-la-police-nationale-fait-part-de-ses-recommandations-pour-renforcer-la-frontiere-canado-americaine\/","og_locale":"fr_FR","og_type":"article","og_title":"La F\u00e9d\u00e9ration de la police nationale fait part de ses recommandations pour renforcer la fronti\u00e8re canado-am\u00e9ricaine\u00a0\u00a0 - NPF-FPN","og_description":"Le syndicat de la GRC a organis\u00e9 des r\u00e9unions avec ses homologues am\u00e9ricains et canadiens de la police des fronti\u00e8res&nbsp; 28 janvier 2025&nbsp; Ottawa, ON &#8211; La F\u00e9d\u00e9ration de la police nationale (FPN) a pr\u00e9par\u00e9 un document de r\u00e9f\u00e9rence \u00e0 [&hellip;]","og_url":"https:\/\/npf-fpn.com\/fr\/news-item\/la-federation-de-la-police-nationale-fait-part-de-ses-recommandations-pour-renforcer-la-frontiere-canado-americaine\/","og_site_name":"NPF-FPN","article_modified_time":"2025-10-08T20:24:44+00:00","twitter_card":"summary_large_image","twitter_misc":{"Est. reading time":"5 minutes"},"schema":{"@context":"https:\/\/schema.org","@graph":[{"@type":"WebPage","@id":"https:\/\/npf-fpn.com\/fr\/news-item\/la-federation-de-la-police-nationale-fait-part-de-ses-recommandations-pour-renforcer-la-frontiere-canado-americaine\/","url":"https:\/\/npf-fpn.com\/fr\/news-item\/la-federation-de-la-police-nationale-fait-part-de-ses-recommandations-pour-renforcer-la-frontiere-canado-americaine\/","name":"La F\u00e9d\u00e9ration de la police nationale fait part de ses recommandations pour renforcer la fronti\u00e8re canado-am\u00e9ricaine\u00a0\u00a0 - NPF-FPN","isPartOf":{"@id":"https:\/\/npf-fpn.com\/#website"},"datePublished":"2025-01-28T21:08:38+00:00","dateModified":"2025-10-08T20:24:44+00:00","breadcrumb":{"@id":"https:\/\/npf-fpn.com\/fr\/news-item\/la-federation-de-la-police-nationale-fait-part-de-ses-recommandations-pour-renforcer-la-frontiere-canado-americaine\/#breadcrumb"},"inLanguage":"fr-FR","potentialAction":[{"@type":"ReadAction","target":["https:\/\/npf-fpn.com\/fr\/news-item\/la-federation-de-la-police-nationale-fait-part-de-ses-recommandations-pour-renforcer-la-frontiere-canado-americaine\/"]}]},{"@type":"BreadcrumbList","@id":"https:\/\/npf-fpn.com\/fr\/news-item\/la-federation-de-la-police-nationale-fait-part-de-ses-recommandations-pour-renforcer-la-frontiere-canado-americaine\/#breadcrumb","itemListElement":[{"@type":"ListItem","position":1,"name":"Accueil","item":"https:\/\/npf-fpn.com\/fr\/"},{"@type":"ListItem","position":2,"name":"La F\u00e9d\u00e9ration de la police nationale fait part de ses recommandations pour renforcer la fronti\u00e8re canado-am\u00e9ricaine\u00a0\u00a0"}]},{"@type":"WebSite","@id":"https:\/\/npf-fpn.com\/#website","url":"https:\/\/npf-fpn.com\/","name":"NPF-FPN","description":"Providing strong, fair and progressive representation to almost 20,000 RCMP members across Canada.","publisher":{"@id":"https:\/\/npf-fpn.com\/#organization"},"potentialAction":[{"@type":"SearchAction","target":{"@type":"EntryPoint","urlTemplate":"https:\/\/npf-fpn.com\/?s={search_term_string}"},"query-input":{"@type":"PropertyValueSpecification","valueRequired":true,"valueName":"search_term_string"}}],"inLanguage":"fr-FR"},{"@type":"Organization","@id":"https:\/\/npf-fpn.com\/#organization","name":"NPF-FPN","url":"https:\/\/npf-fpn.com\/","logo":{"@type":"ImageObject","inLanguage":"fr-FR","@id":"https:\/\/npf-fpn.com\/#\/schema\/logo\/image\/","url":"https:\/\/npf-fpn.com\/app\/uploads\/2022\/01\/NPF.jpg","contentUrl":"https:\/\/npf-fpn.com\/app\/uploads\/2022\/01\/NPF.jpg","width":200,"height":200,"caption":"NPF-FPN"},"image":{"@id":"https:\/\/npf-fpn.com\/#\/schema\/logo\/image\/"}}]}},"_links":{"self":[{"href":"https:\/\/npf-fpn.com\/fr\/wp-json\/wp\/v2\/news\/57516","targetHints":{"allow":["GET"]}}],"collection":[{"href":"https:\/\/npf-fpn.com\/fr\/wp-json\/wp\/v2\/news"}],"about":[{"href":"https:\/\/npf-fpn.com\/fr\/wp-json\/wp\/v2\/types\/news"}],"wp:attachment":[{"href":"https:\/\/npf-fpn.com\/fr\/wp-json\/wp\/v2\/media?parent=57516"}],"wp:term":[{"taxonomy":"news_type","embeddable":true,"href":"https:\/\/npf-fpn.com\/fr\/wp-json\/wp\/v2\/news_type?post=57516"},{"taxonomy":"audiences","embeddable":true,"href":"https:\/\/npf-fpn.com\/fr\/wp-json\/wp\/v2\/audiences?post=57516"},{"taxonomy":"news_topics","embeddable":true,"href":"https:\/\/npf-fpn.com\/fr\/wp-json\/wp\/v2\/news_topics?post=57516"}],"curies":[{"name":"wp","href":"https:\/\/api.w.org\/{rel}","templated":true}]}}