{"id":56667,"date":"2025-01-07T21:56:18","date_gmt":"2025-01-07T21:56:18","guid":{"rendered":"https:\/\/npf-fpn.com\/?post_type=news&#038;p=56667"},"modified":"2025-01-07T21:57:53","modified_gmt":"2025-01-07T21:57:53","slug":"56667","status":"publish","type":"news","link":"https:\/\/npf-fpn.com\/fr\/news-item\/56667\/","title":{"rendered":"Mise \u00e0 jour des membres de la r\u00e9gion des Prairies de la FPN"},"content":{"rendered":"\n<p>Nous r\u00e9capitulons ci-dessous les enqu\u00eates de surveillance, les incidents majeurs et le travail de repr\u00e9sentation r\u00e9alis\u00e9 dans la r\u00e9gion des Prairies de la FPN durant le mois de d\u00e9cembre&nbsp;2024.<\/p>\n\n\n\n<h2 class=\"wp-block-heading\"><strong>Nouvelles et \u00e9v\u00e9nements<\/strong><\/h2>\n\n\n\n<p><strong>Alberta<\/strong><strong><\/strong><\/p>\n\n\n\n<p><span style=\"text-decoration: underline;\">R\u00e9flexion et reconnaissance de fin d\u2019ann\u00e9e<\/span><\/p>\n\n\n\n<p>Le 17&nbsp;d\u00e9cembre dernier, les administrateurs Jeff&nbsp;McGowan et Kevin&nbsp;Halwa ont rencontr\u00e9 le commandant et pris part \u00e0 la journ\u00e9e portes ouvertes de No\u00ebl de la Division&nbsp;K. Cet \u00e9v\u00e9nement s\u2019est av\u00e9r\u00e9 une occasion de souligner les r\u00e9alisations de l\u2019ann\u00e9e et de tisser des liens avec les membres.<strong><\/strong><\/p>\n\n\n\n<p><span style=\"text-decoration: underline;\">Pr\u00e9parations en vue du d\u00e9ploiement du Sommet du G7<\/span><\/p>\n\n\n\n<p>Le 18&nbsp;d\u00e9cembre dernier, l\u2019administrateur Kevin&nbsp;Halwa a rencontr\u00e9 les repr\u00e9sentants lors d\u2019une r\u00e9union qui portait sur les pr\u00e9parations en vue du d\u00e9ploiement \u00e0 venir du Sommet du G7 \u00e0 Kananaskis. D\u2019autres r\u00e9unions seront pr\u00e9vues pour assurer une pr\u00e9paration et une planification ad\u00e9quates.<\/p>\n\n\n\n<p><strong>Ottawa<\/strong><strong><\/strong><\/p>\n\n\n\n<p><span style=\"text-decoration: underline;\">R\u00e9union trimestrielle<\/span><\/p>\n\n\n\n<p>Les administrateurs Jeff&nbsp;McGowan, Bobby&nbsp;Baker et Kevin&nbsp;Halwa ont assist\u00e9 aux r\u00e9unions trimestrielles du Conseil d\u2019administration \u00e0 Ottawa.<\/p>\n\n\n\n<h2 class=\"wp-block-heading\"><strong>Visites de d\u00e9tachements<\/strong><strong><\/strong><\/h2>\n\n\n\n<p>Les administrateurs auront l\u2019occasion de visiter des d\u00e9tachements et des unit\u00e9s tout au long du reste de l\u2019automne et cet hiver. Pour demander une visite ou une r\u00e9union \u00e0 votre d\u00e9tachement, unit\u00e9 ou emplacement, veuillez communiquer avec le Centre des services aux membres de la FPN en envoyant un courriel \u00e0 l\u2019adresse <a href=\"mailto:info@npf-fpn.com\">info@npf-fpn.com<\/a>.<\/p>\n\n\n\n<h2 class=\"wp-block-heading\"><strong>Conclusions tir\u00e9es des enqu\u00eates de surveillance de la r\u00e9gion des Prairies<\/strong><\/h2>\n\n\n\n<p><strong>Alberta<\/strong><strong><\/strong><\/p>\n\n\n\n<p><a href=\"https:\/\/open.alberta.ca\/dataset\/e26e0a28-2b5d-472c-b987-3deab207369d\/resource\/d945c5b4-41b0-4c13-87f1-3dd5b340a477\/download\/pses-asirt-decision-asirt-2022-0033n-2024-11-28.pdf\">28&nbsp;nov.&nbsp;<\/a>: L\u2019\u00c9quipe d\u2019intervention de l\u2019Alberta en cas d\u2019incident grave (EIAIG) a conclu qu\u2019il n\u2019y avait aucun motif de croire qu\u2019une infraction en lien avec une all\u00e9gation de voies de fait graves impliquant un agent avait \u00e9t\u00e9 commise.<\/p>\n\n\n\n<p><a href=\"https:\/\/edmonton.citynews.ca\/2024\/11\/28\/hostage-leduc-county-asirt-justified\/\">28&nbsp;nov.&nbsp;<\/a>: L\u2019EIAIG a conclu qu\u2019il n\u2019y avait aucun motif de croire qu\u2019une infraction avait \u00e9t\u00e9 commise le 10&nbsp;octobre&nbsp;2022 lors d\u2019une fusillade impliquant un agent pr\u00e8s de New&nbsp;Sarepta.<\/p>\n\n\n\n<p><a href=\"https:\/\/edmonton.ctvnews.ca\/alberta-rcmp-officer-charged-with-2-counts-of-sexual-assault-1.7130783\">2&nbsp;d\u00e9c.&nbsp;<\/a>: L\u2019EIAIG a conclu qu\u2019il y avait des motifs raisonnables de croire qu\u2019un membre de la Gendarmerie royale du Canada (GRC) du comt\u00e9 de Leduc avait commis des infractions en lien avec des voies de fait sexuelles en d\u00e9cembre&nbsp;2022.<\/p>\n\n\n\n<p><a href=\"https:\/\/lakelandconnect.net\/2024\/12\/11\/asirt-concludes-investigation-into-rcmp-shooting-on-saddle-lake-cree-nation\/\">11&nbsp;d\u00e9c.&nbsp;<\/a>: L\u2019EIAIG a conclu qu\u2019il n\u2019y avait aucun motif de croire qu\u2019une infraction avait \u00e9t\u00e9 commise le 13&nbsp;d\u00e9cembre&nbsp;2022 lors d\u2019une fusillade impliquant un agent dans la Nation crie de Saddle&nbsp;Lake.<\/p>\n\n\n\n<p><a href=\"https:\/\/www.townandcountrytoday.com\/athabasca-news\/asirt-clears-athabasca-rcmp-after-fatal-2020-shooting-9949247\">11&nbsp;d\u00e9c.&nbsp;<\/a>: L\u2019EIAIG a conclu que le recours \u00e0 la force \u00e9tait n\u00e9cessaire et qu\u2019il n\u2019y avait aucun motif de croire qu\u2019une infraction avait \u00e9t\u00e9 commise le 20&nbsp;septembre&nbsp;2020 lors d\u2019une fusillade impliquant un agent \u00e0 Calling&nbsp;Lake.<\/p>\n\n\n\n<p><a href=\"https:\/\/open.alberta.ca\/dataset\/4caaf66e-09e1-4c64-aed3-fe537090e508\/resource\/cf0a1f82-c125-4ce2-abb4-a75e76e66cd3\/download\/pses-asirt-decision-asirt-2021-0044n-2024-12-19.pdf\">12&nbsp;d\u00e9c.&nbsp;<\/a>: L\u2019EIAIG a conclu qu\u2019il n\u2019y avait aucun motif de croire qu\u2019une infraction avait \u00e9t\u00e9 commise le 3&nbsp;mars&nbsp;2023 lors d\u2019une fusillade impliquant un agent \u00e0 Vermilion.<\/p>\n\n\n\n<p><a href=\"https:\/\/www.cbc.ca\/news\/canada\/edmonton\/red-deer-rcmp-officer-faces-charges-over-transfer-of-intimate-images-on-detained-person-s-phone-1.7411617\">16&nbsp;d\u00e9c.&nbsp;<\/a>: L\u2019EIAIG a conclu qu\u2019il y avait des motifs raisonnables de croire qu\u2019un membre de la GRC de Red&nbsp;Deer avait commis des infractions en lien avec la distribution d\u2019images intimes sans consentement.<\/p>\n\n\n\n<p><a href=\"https:\/\/www.thealbertan.com\/beyond-local\/officers-not-responsible-in-overdose-death-in-st-paul-holding-cells-says-asirt-9983216\">19&nbsp;d\u00e9c.&nbsp;<\/a>: L\u2019EIAIG a conclu qu\u2019aucune infraction criminelle concernant un d\u00e9c\u00e8s en d\u00e9tention impliquant des agents n\u2019avait \u00e9t\u00e9 commise le 10&nbsp;janvier&nbsp;2022 \u00e0 St.&nbsp;Paul.<\/p>\n\n\n\n<p><a href=\"https:\/\/www.fortmcmurraytoday.com\/news\/asirt-clears-mounties-that-tackled-arrested-chief-allan-adam\">19&nbsp;d\u00e9c.&nbsp;<\/a>: L\u2019EIAIG a conclu qu\u2019il n\u2019y avait aucun motif de croire qu\u2019une infraction en lien avec une all\u00e9gation de voies de fait contre un membre avait \u00e9t\u00e9 commise le 10&nbsp;mars&nbsp;2020 \u00e0 Fort&nbsp;McMurray.<\/p>\n\n\n\n<p><a href=\"https:\/\/open.alberta.ca\/dataset\/4caaf66e-09e1-4c64-aed3-fe537090e508\/resource\/cf0a1f82-c125-4ce2-abb4-a75e76e66cd3\/download\/pses-asirt-decision-asirt-2021-0044n-2024-12-19.pdf\">19&nbsp;d\u00e9c.&nbsp;<\/a>: L\u2019EIAIG a conclu que le recours \u00e0 la force \u00e9tait n\u00e9cessaire et qu\u2019il n\u2019y avait aucun motif de croire qu\u2019une infraction avait \u00e9t\u00e9 commise le 14&nbsp;ao\u00fbt&nbsp;2021 lors d\u2019une fusillade impliquant un agent pr\u00e8s de Rocky&nbsp;Mountain&nbsp;House.<\/p>\n\n\n\n<p>Si vous \u00eates impliqu\u00e9 dans un incident donnant lieu \u00e0 une enqu\u00eate de surveillance, veuillez communiquer imm\u00e9diatement avec la FPN. Un de ses repr\u00e9sentants vous orientera tout au long du processus et vous offrira du soutien. N\u2019h\u00e9sitez pas \u00e0 communiquer avec le Centre des services aux membres de la FPN, 24&nbsp;heures sur&nbsp;24, 7&nbsp;jours sur&nbsp;7, par courriel \u00e0 l\u2019adresse <a href=\"mailto:info@npf-fpn.com\">info@npf-fpn.com<\/a> ou par t\u00e9l\u00e9phone au 1\u2011833\u2011NPF\u2011TEAM (1\u2011833\u2011673\u20118326), si vous avez besoin d\u2019aide.<\/p>\n\n\n\n<h2 class=\"wp-block-heading\"><strong>Voici votre \u00e9quipe de repr\u00e9sentation r\u00e9gionale&nbsp;<\/strong><strong><\/strong><\/h2>\n\n\n\n<ul class=\"wp-block-list\">\n<li>Administrateur\u00a0: <a href=\"https:\/\/npf-fpn.com\/fr\/board-of-directors-bobby-baker-director-prairies-north-region\/\">Bobby\u00a0Baker (Division\u00a0D)<\/a><\/li>\n\n\n\n<li>Administrateur\u00a0: <a href=\"https:\/\/npf-fpn.com\/fr\/conseil-dadministration-morgan-buckingham-administrateur-region-des-prairies-et-du-nord\/\">Morgan\u00a0Buckingham (Divisions\u00a0F et T)<\/a><\/li>\n\n\n\n<li>Administrateur\u00a0: <a href=\"https:\/\/npf-fpn.com\/fr\/conseil-dadministration-kevin-halwa-administrateur-region-des-prairies-et-du-nord\/\">Kevin\u00a0Halwa (Division\u00a0K)<\/a><\/li>\n\n\n\n<li>Administrateur\u00a0: <a href=\"https:\/\/npf-fpn.com\/fr\/board-of-directors-jeff-mcgowan-director-prairies-north-region\/\">Jeff\u00a0McGowan (Division\u00a0K)<\/a>\u00a0<\/li>\n<\/ul>\n\n\n\n<p>Vous trouverez les noms de vos repr\u00e9sentants locaux et des repr\u00e9sentants au Conseil d\u2019administration et leurs coordonn\u00e9es en cliquant sur ce <a href=\"https:\/\/npf-fpn.com\/fr\/representants-locaux\/\">lien<\/a>.<\/p>\n\n\n\n<p>Sinc\u00e8res salutations,<\/p>\n\n\n\n<figure class=\"wp-block-image size-full is-resized\"><img decoding=\"async\" width=\"612\" height=\"408\" src=\"https:\/\/npf-fpn.com\/app\/uploads\/2023\/12\/Prairies-Brian-Jeff-Bobby-Morgan-Kevin-FR-1.png\" alt=\"\" class=\"wp-image-46525\" style=\"width:422px;height:auto\" srcset=\"https:\/\/npf-fpn.com\/app\/uploads\/2023\/12\/Prairies-Brian-Jeff-Bobby-Morgan-Kevin-FR-1.png 612w, https:\/\/npf-fpn.com\/app\/uploads\/2023\/12\/Prairies-Brian-Jeff-Bobby-Morgan-Kevin-FR-1-300x200.png 300w, https:\/\/npf-fpn.com\/app\/uploads\/2023\/12\/Prairies-Brian-Jeff-Bobby-Morgan-Kevin-FR-1-600x400.png 600w\" sizes=\"(max-width: 612px) 100vw, 612px\" \/><\/figure>\n","protected":false},"excerpt":{"rendered":"<p>Nous r\u00e9capitulons ci-dessous les enqu\u00eates de surveillance, les incidents majeurs et le travail de repr\u00e9sentation r\u00e9alis\u00e9 dans la r\u00e9gion des Prairies de la FPN durant le mois de d\u00e9cembre&nbsp;2024. Nouvelles et \u00e9v\u00e9nements Alberta R\u00e9flexion et reconnaissance de fin d\u2019ann\u00e9e Le [&hellip;]<\/p>\n","protected":false},"featured_media":0,"template":"","news_type":[44],"audiences":[79],"news_topics":[],"class_list":["post-56667","news","type-news","status-publish","hentry","news_type-member-updates-fr","audiences-npf-members-fr"],"acf":[],"yoast_head":"<!-- This site is optimized with the Yoast SEO plugin v27.4 - https:\/\/yoast.com\/product\/yoast-seo-wordpress\/ -->\n<title>Mise \u00e0 jour des membres de la r\u00e9gion des Prairies de la FPN - NPF-FPN<\/title>\n<meta name=\"robots\" content=\"index, follow, max-snippet:-1, max-image-preview:large, max-video-preview:-1\" \/>\n<link rel=\"canonical\" href=\"https:\/\/npf-fpn.com\/fr\/news-item\/56667\/\" \/>\n<meta property=\"og:locale\" content=\"fr_FR\" \/>\n<meta property=\"og:type\" content=\"article\" \/>\n<meta property=\"og:title\" content=\"Mise \u00e0 jour des membres de la r\u00e9gion des Prairies de la FPN - NPF-FPN\" \/>\n<meta property=\"og:description\" content=\"Nous r\u00e9capitulons ci-dessous les enqu\u00eates de surveillance, les incidents majeurs et le travail de repr\u00e9sentation r\u00e9alis\u00e9 dans la r\u00e9gion des Prairies de la FPN durant le mois de d\u00e9cembre&nbsp;2024. Nouvelles et \u00e9v\u00e9nements Alberta R\u00e9flexion et reconnaissance de fin d\u2019ann\u00e9e Le [&hellip;]\" \/>\n<meta property=\"og:url\" content=\"https:\/\/npf-fpn.com\/fr\/news-item\/56667\/\" \/>\n<meta property=\"og:site_name\" content=\"NPF-FPN\" \/>\n<meta property=\"article:modified_time\" content=\"2025-01-07T21:57:53+00:00\" \/>\n<meta property=\"og:image\" content=\"https:\/\/npf-fpn.com\/app\/uploads\/2023\/12\/Prairies-Brian-Jeff-Bobby-Morgan-Kevin-FR-1.png\" \/>\n\t<meta property=\"og:image:width\" content=\"612\" \/>\n\t<meta property=\"og:image:height\" content=\"408\" \/>\n\t<meta property=\"og:image:type\" content=\"image\/png\" \/>\n<meta name=\"twitter:card\" content=\"summary_large_image\" \/>\n<meta name=\"twitter:label1\" content=\"Est. reading time\" \/>\n\t<meta name=\"twitter:data1\" content=\"4 minutes\" \/>\n<script type=\"application\/ld+json\" class=\"yoast-schema-graph\">{\"@context\":\"https:\\\/\\\/schema.org\",\"@graph\":[{\"@type\":\"WebPage\",\"@id\":\"https:\\\/\\\/npf-fpn.com\\\/fr\\\/news-item\\\/56667\\\/\",\"url\":\"https:\\\/\\\/npf-fpn.com\\\/fr\\\/news-item\\\/56667\\\/\",\"name\":\"Mise \u00e0 jour des membres de la r\u00e9gion des Prairies de la FPN - NPF-FPN\",\"isPartOf\":{\"@id\":\"https:\\\/\\\/npf-fpn.com\\\/#website\"},\"primaryImageOfPage\":{\"@id\":\"https:\\\/\\\/npf-fpn.com\\\/fr\\\/news-item\\\/56667\\\/#primaryimage\"},\"image\":{\"@id\":\"https:\\\/\\\/npf-fpn.com\\\/fr\\\/news-item\\\/56667\\\/#primaryimage\"},\"thumbnailUrl\":\"https:\\\/\\\/npf-fpn.com\\\/app\\\/uploads\\\/2023\\\/12\\\/Prairies-Brian-Jeff-Bobby-Morgan-Kevin-FR-1.png\",\"datePublished\":\"2025-01-07T21:56:18+00:00\",\"dateModified\":\"2025-01-07T21:57:53+00:00\",\"breadcrumb\":{\"@id\":\"https:\\\/\\\/npf-fpn.com\\\/fr\\\/news-item\\\/56667\\\/#breadcrumb\"},\"inLanguage\":\"fr-FR\",\"potentialAction\":[{\"@type\":\"ReadAction\",\"target\":[\"https:\\\/\\\/npf-fpn.com\\\/fr\\\/news-item\\\/56667\\\/\"]}]},{\"@type\":\"ImageObject\",\"inLanguage\":\"fr-FR\",\"@id\":\"https:\\\/\\\/npf-fpn.com\\\/fr\\\/news-item\\\/56667\\\/#primaryimage\",\"url\":\"https:\\\/\\\/npf-fpn.com\\\/app\\\/uploads\\\/2023\\\/12\\\/Prairies-Brian-Jeff-Bobby-Morgan-Kevin-FR-1.png\",\"contentUrl\":\"https:\\\/\\\/npf-fpn.com\\\/app\\\/uploads\\\/2023\\\/12\\\/Prairies-Brian-Jeff-Bobby-Morgan-Kevin-FR-1.png\"},{\"@type\":\"BreadcrumbList\",\"@id\":\"https:\\\/\\\/npf-fpn.com\\\/fr\\\/news-item\\\/56667\\\/#breadcrumb\",\"itemListElement\":[{\"@type\":\"ListItem\",\"position\":1,\"name\":\"Accueil\",\"item\":\"https:\\\/\\\/npf-fpn.com\\\/fr\\\/\"},{\"@type\":\"ListItem\",\"position\":2,\"name\":\"Mise \u00e0 jour des membres de la r\u00e9gion des Prairies de la FPN\"}]},{\"@type\":\"WebSite\",\"@id\":\"https:\\\/\\\/npf-fpn.com\\\/#website\",\"url\":\"https:\\\/\\\/npf-fpn.com\\\/\",\"name\":\"NPF-FPN\",\"description\":\"Providing strong, fair and progressive representation to almost 20,000 RCMP members across Canada.\",\"publisher\":{\"@id\":\"https:\\\/\\\/npf-fpn.com\\\/#organization\"},\"potentialAction\":[{\"@type\":\"SearchAction\",\"target\":{\"@type\":\"EntryPoint\",\"urlTemplate\":\"https:\\\/\\\/npf-fpn.com\\\/?s={search_term_string}\"},\"query-input\":{\"@type\":\"PropertyValueSpecification\",\"valueRequired\":true,\"valueName\":\"search_term_string\"}}],\"inLanguage\":\"fr-FR\"},{\"@type\":\"Organization\",\"@id\":\"https:\\\/\\\/npf-fpn.com\\\/#organization\",\"name\":\"NPF-FPN\",\"url\":\"https:\\\/\\\/npf-fpn.com\\\/\",\"logo\":{\"@type\":\"ImageObject\",\"inLanguage\":\"fr-FR\",\"@id\":\"https:\\\/\\\/npf-fpn.com\\\/#\\\/schema\\\/logo\\\/image\\\/\",\"url\":\"https:\\\/\\\/npf-fpn.com\\\/app\\\/uploads\\\/2022\\\/01\\\/NPF.jpg\",\"contentUrl\":\"https:\\\/\\\/npf-fpn.com\\\/app\\\/uploads\\\/2022\\\/01\\\/NPF.jpg\",\"width\":200,\"height\":200,\"caption\":\"NPF-FPN\"},\"image\":{\"@id\":\"https:\\\/\\\/npf-fpn.com\\\/#\\\/schema\\\/logo\\\/image\\\/\"}}]}<\/script>\n<!-- \/ Yoast SEO plugin. -->","yoast_head_json":{"title":"Mise \u00e0 jour des membres de la r\u00e9gion des Prairies de la FPN - NPF-FPN","robots":{"index":"index","follow":"follow","max-snippet":"max-snippet:-1","max-image-preview":"max-image-preview:large","max-video-preview":"max-video-preview:-1"},"canonical":"https:\/\/npf-fpn.com\/fr\/news-item\/56667\/","og_locale":"fr_FR","og_type":"article","og_title":"Mise \u00e0 jour des membres de la r\u00e9gion des Prairies de la FPN - NPF-FPN","og_description":"Nous r\u00e9capitulons ci-dessous les enqu\u00eates de surveillance, les incidents majeurs et le travail de repr\u00e9sentation r\u00e9alis\u00e9 dans la r\u00e9gion des Prairies de la FPN durant le mois de d\u00e9cembre&nbsp;2024. Nouvelles et \u00e9v\u00e9nements Alberta R\u00e9flexion et reconnaissance de fin d\u2019ann\u00e9e Le [&hellip;]","og_url":"https:\/\/npf-fpn.com\/fr\/news-item\/56667\/","og_site_name":"NPF-FPN","article_modified_time":"2025-01-07T21:57:53+00:00","og_image":[{"width":612,"height":408,"url":"https:\/\/npf-fpn.com\/app\/uploads\/2023\/12\/Prairies-Brian-Jeff-Bobby-Morgan-Kevin-FR-1.png","type":"image\/png"}],"twitter_card":"summary_large_image","twitter_misc":{"Est. reading time":"4 minutes"},"schema":{"@context":"https:\/\/schema.org","@graph":[{"@type":"WebPage","@id":"https:\/\/npf-fpn.com\/fr\/news-item\/56667\/","url":"https:\/\/npf-fpn.com\/fr\/news-item\/56667\/","name":"Mise \u00e0 jour des membres de la r\u00e9gion des Prairies de la FPN - NPF-FPN","isPartOf":{"@id":"https:\/\/npf-fpn.com\/#website"},"primaryImageOfPage":{"@id":"https:\/\/npf-fpn.com\/fr\/news-item\/56667\/#primaryimage"},"image":{"@id":"https:\/\/npf-fpn.com\/fr\/news-item\/56667\/#primaryimage"},"thumbnailUrl":"https:\/\/npf-fpn.com\/app\/uploads\/2023\/12\/Prairies-Brian-Jeff-Bobby-Morgan-Kevin-FR-1.png","datePublished":"2025-01-07T21:56:18+00:00","dateModified":"2025-01-07T21:57:53+00:00","breadcrumb":{"@id":"https:\/\/npf-fpn.com\/fr\/news-item\/56667\/#breadcrumb"},"inLanguage":"fr-FR","potentialAction":[{"@type":"ReadAction","target":["https:\/\/npf-fpn.com\/fr\/news-item\/56667\/"]}]},{"@type":"ImageObject","inLanguage":"fr-FR","@id":"https:\/\/npf-fpn.com\/fr\/news-item\/56667\/#primaryimage","url":"https:\/\/npf-fpn.com\/app\/uploads\/2023\/12\/Prairies-Brian-Jeff-Bobby-Morgan-Kevin-FR-1.png","contentUrl":"https:\/\/npf-fpn.com\/app\/uploads\/2023\/12\/Prairies-Brian-Jeff-Bobby-Morgan-Kevin-FR-1.png"},{"@type":"BreadcrumbList","@id":"https:\/\/npf-fpn.com\/fr\/news-item\/56667\/#breadcrumb","itemListElement":[{"@type":"ListItem","position":1,"name":"Accueil","item":"https:\/\/npf-fpn.com\/fr\/"},{"@type":"ListItem","position":2,"name":"Mise \u00e0 jour des membres de la r\u00e9gion des Prairies de la FPN"}]},{"@type":"WebSite","@id":"https:\/\/npf-fpn.com\/#website","url":"https:\/\/npf-fpn.com\/","name":"NPF-FPN","description":"Providing strong, fair and progressive representation to almost 20,000 RCMP members across Canada.","publisher":{"@id":"https:\/\/npf-fpn.com\/#organization"},"potentialAction":[{"@type":"SearchAction","target":{"@type":"EntryPoint","urlTemplate":"https:\/\/npf-fpn.com\/?s={search_term_string}"},"query-input":{"@type":"PropertyValueSpecification","valueRequired":true,"valueName":"search_term_string"}}],"inLanguage":"fr-FR"},{"@type":"Organization","@id":"https:\/\/npf-fpn.com\/#organization","name":"NPF-FPN","url":"https:\/\/npf-fpn.com\/","logo":{"@type":"ImageObject","inLanguage":"fr-FR","@id":"https:\/\/npf-fpn.com\/#\/schema\/logo\/image\/","url":"https:\/\/npf-fpn.com\/app\/uploads\/2022\/01\/NPF.jpg","contentUrl":"https:\/\/npf-fpn.com\/app\/uploads\/2022\/01\/NPF.jpg","width":200,"height":200,"caption":"NPF-FPN"},"image":{"@id":"https:\/\/npf-fpn.com\/#\/schema\/logo\/image\/"}}]}},"_links":{"self":[{"href":"https:\/\/npf-fpn.com\/fr\/wp-json\/wp\/v2\/news\/56667","targetHints":{"allow":["GET"]}}],"collection":[{"href":"https:\/\/npf-fpn.com\/fr\/wp-json\/wp\/v2\/news"}],"about":[{"href":"https:\/\/npf-fpn.com\/fr\/wp-json\/wp\/v2\/types\/news"}],"wp:attachment":[{"href":"https:\/\/npf-fpn.com\/fr\/wp-json\/wp\/v2\/media?parent=56667"}],"wp:term":[{"taxonomy":"news_type","embeddable":true,"href":"https:\/\/npf-fpn.com\/fr\/wp-json\/wp\/v2\/news_type?post=56667"},{"taxonomy":"audiences","embeddable":true,"href":"https:\/\/npf-fpn.com\/fr\/wp-json\/wp\/v2\/audiences?post=56667"},{"taxonomy":"news_topics","embeddable":true,"href":"https:\/\/npf-fpn.com\/fr\/wp-json\/wp\/v2\/news_topics?post=56667"}],"curies":[{"name":"wp","href":"https:\/\/api.w.org\/{rel}","templated":true}]}}