{"id":53495,"date":"2024-08-07T20:17:20","date_gmt":"2024-08-07T20:17:20","guid":{"rendered":"https:\/\/npf-fpn.com\/?post_type=news&#038;p=53495"},"modified":"2024-08-07T20:17:22","modified_gmt":"2024-08-07T20:17:22","slug":"mise-a-jour-des-membres-de-la-region-pacifique-nord-recapitulatif-de-juillet-2024","status":"publish","type":"news","link":"https:\/\/npf-fpn.com\/fr\/news-item\/mise-a-jour-des-membres-de-la-region-pacifique-nord-recapitulatif-de-juillet-2024\/","title":{"rendered":"Mise \u00e0 jour des membres de la r\u00e9gion Pacifique\/Nord &#8211; R\u00e9capitulatif de juillet 2024"},"content":{"rendered":"\n<p>Vous trouverez ci-dessous un r\u00e9capitulatif des r\u00e9sultats des enqu\u00eates de surveillance, des incidents majeurs et du travail de repr\u00e9sentation dans la r\u00e9gion Pacifique\/Nord de la FPN au cours du mois de juillet.<br><br><strong>Visites de d\u00e9tachements en juillet<\/strong><br><br>Les directeurs de la r\u00e9gion du Pacifique et du Nord ont visit\u00e9 plusieurs d\u00e9tachements, ce qui t\u00e9moigne d&#8217;un engagement solide dans toute la r\u00e9gion.<br>Le directeur Trevor Dinwoodie a visit\u00e9 les d\u00e9tachements d&#8217;Oliver, de Penticton, de Kelowna, de Vernon, d&#8217;Enderby et d&#8217;Armstrong dans l&#8217;Okanagan. Le directeur Jeff Swann s&#8217;est concentr\u00e9 sur les d\u00e9tachements de Merritt, Kamloops et Barriere. De plus, le directeur Chris Voller a visit\u00e9 les d\u00e9tachements de Kelowna, Southeast HQ, West Kelowna, Penticton, Keromeos, Princeton, Richmond, PRTC, North Van et Green Timbers.<\/p>\n\n\n\n<p>Tout au long de l&#8217;\u00e9t\u00e9, les directeurs auront l&#8217;occasion de visiter les d\u00e9tachements et les unit\u00e9s en compagnie des repr\u00e9sentants locaux de la FPN. Pour demander une visite ou une r\u00e9union dans votre d\u00e9tachement, votre unit\u00e9 ou votre localit\u00e9, veuillez communiquer avec le Centre des services aux membres de la FPN \u00e0 l&#8217;<a href=\"mailto:info@npf-fpn.com\">adresse info@npf-fpn.com.<\/a><br><br><strong>Initiatives de soutien aux communaut\u00e9s et aux membres<\/strong><br><br>Trevor Dinwoodie, directeur de la r\u00e9gion du Pacifique et du Nord, a assist\u00e9 \u00e0 une assembl\u00e9e publique \u00e0 Maple Ridge et, avec Britt Bancroft, directeur de la r\u00e9gion du Pacifique et du Nord, ont soutenu nos membres lors d&#8217;un proc\u00e8s \u00e0 Prince George, soulignant ainsi notre engagement \u00e0 soutenir les membres dans les moments critiques.<\/p>\n\n\n\n<p>De plus, Jeff Swann et Chris Voller, directeurs de la r\u00e9gion Pacifique\/Nord, ont particip\u00e9 \u00e0 la collecte de fonds Tour de Rock \u00e0 Cowichan (C.-B.), ainsi qu&#8217;\u00e0 une r\u00e9union de la direction du travail avec la haute direction de la Division E, renfor\u00e7ant ainsi notre engagement envers la repr\u00e9sentation des membres et l&#8217;implication dans la communaut\u00e9.<br><\/p>\n\n\n\n<p>Chris Voller, directeur de la r\u00e9gion Pacifique\/Nord, a \u00e9galement particip\u00e9 \u00e0 l&#8217;op\u00e9ration Pegasus, un programme ax\u00e9 sur le soutien \u00e0 la sant\u00e9 mentale des anciens combattants et des membres de la GRC. Cette initiative vise \u00e0 am\u00e9liorer le bien-\u00eatre mental et \u00e0 fournir des ressources essentielles \u00e0 ces groupes, soulignant ainsi notre engagement \u00e0 l&#8217;\u00e9gard de leur sant\u00e9 et de leur soutien continus.<br><br><strong>Transition des services de police de Surrey<\/strong><br><br>La transition en cours pour les membres de la GRC de Surrey continue d&#8217;\u00eatre un point central pour la FPN.<\/p>\n\n\n\n<p>\u00c0 moins de 120 jours de la date butoir du 29 novembre fix\u00e9e par la province pour le changement de police de comp\u00e9tence, le pr\u00e9sident et directeur g\u00e9n\u00e9ral de la FPN, Brian Sauv\u00e9, le vice-pr\u00e9sident, Rob Farrer, et le directeur, Trevor Dinwoodie, travaillent intens\u00e9ment avec l&#8217;\u00e9quipe de projet de la GRC afin d&#8217;assurer un plan de retrait rapide et efficace pour nos membres. Malgr\u00e9 l&#8217;absence d&#8217;un plan op\u00e9rationnel finalis\u00e9 apr\u00e8s le 29 novembre, la lib\u00e9ration r\u00e9guli\u00e8re des membres en pr\u00e9vision de la transition du POJ se poursuit.<\/p>\n\n\n\n<p>La FPN continue d&#8217;exiger un plan op\u00e9rationnel de maintien de l&#8217;ordre clair afin d&#8217;offrir des certitudes \u00e0 ses membres. Nous continuerons \u00e0 fournir des mises \u00e0 jour au fur et \u00e0 mesure que de nouvelles informations seront disponibles.<br><br><strong>Conclusions des enqu\u00eates de surveillance de la r\u00e9gion du Pacifique et du Nord<\/strong><br><br><a href=\"https:\/\/npf-fpn.us13.list-manage.com\/track\/click?u=372c3beded56c31ecbae984b5&amp;id=8b3329da3c&amp;e=7cd546628b\">9 juillet<\/a>: L&#8217;IIOBC a d\u00e9termin\u00e9 qu&#8217;il n&#8217;y a pas de preuves suffisantes pour croire qu&#8217;un agent de la GRC de Surrey a commis une infraction contre un homme le 9 juillet 2023, \u00e0 Surrey.<\/p>\n\n\n\n<p><a href=\"https:\/\/npf-fpn.us13.list-manage.com\/track\/click?u=372c3beded56c31ecbae984b5&amp;id=b0d1fe1fbe&amp;e=7cd546628b\">22 juillet<\/a>: L&#8217;IIOBC a d\u00e9termin\u00e9 qu&#8217;aucune action ou inaction de la police ne semble avoir contribu\u00e9 au d\u00e9c\u00e8s d&#8217;une personne le 22 avril 2024 \u00e0 Chilliwack.<\/p>\n\n\n\n<p><a href=\"https:\/\/npf-fpn.us13.list-manage.com\/track\/click?u=372c3beded56c31ecbae984b5&amp;id=6ede341ff7&amp;e=7cd546628b\">22 juillet<\/a>: L&#8217;IIOBC a \u00e9tabli qu&#8217;il n&#8217;y a pas de motifs raisonnables d&#8217;affirmer que les actions ou l&#8217;inaction d&#8217;un agent ont contribu\u00e9 au d\u00e9c\u00e8s d&#8217;un homme le 13 septembre 2022 \u00e0 Keremeos.<\/p>\n\n\n\n<p><a href=\"https:\/\/npf-fpn.us13.list-manage.com\/track\/click?u=372c3beded56c31ecbae984b5&amp;id=45e8717739&amp;e=7cd546628b\">25 juillet<\/a>: L&#8217;IIOBC a conclu qu&#8217;il n&#8217;existe aucun motif raisonnable de soup\u00e7onner un agent d&#8217;avoir commis une infraction contre un homme le 26 avril 2023 \u00e0 Prince George.<\/p>\n\n\n\n<p><a href=\"https:\/\/npf-fpn.us13.list-manage.com\/track\/click?u=372c3beded56c31ecbae984b5&amp;id=4d3284fcd9&amp;e=7cd546628b\">26 juillet<\/a>: L&#8217;IIOBC a conclu qu&#8217;il n&#8217;existe aucun motif raisonnable de croire que des actions ou des inactions des agents de la GRC de Nanaimo ont contribu\u00e9 au d\u00e9c\u00e8s d&#8217;une femme le 14 juillet 2024 \u00e0 Vancouver.<\/p>\n\n\n\n<p>Si vous \u00eates impliqu\u00e9 dans un incident donnant lieu \u00e0 une enqu\u00eate du BEICB, veuillez communiquer imm\u00e9diatement avec la FPN. Un de ses repr\u00e9sentants vous orientera tout au long du processus et vous offrira du soutien. En tout temps, si vous avez besoin d\u2019aide, n\u2019h\u00e9sitez pas \u00e0 communiquer avec le Centre des services aux membres de la FPN, 24\u00a0heures sur\u00a024, 7\u00a0jours sur\u00a07, \u00e0 l\u2019adresse <a href=\"mailto:info@npf-fpn.com\">info@npf-fpn.com<\/a> ou au 1\u2011833\u2011NPF\u2011TEAM (1\u2011833\u2011673\u20118326).\u202f\u202f\u202f<\/p>\n\n\n\n<p><strong>Voici votre \u00e9quipe de repr\u00e9sentation r\u00e9gionale<\/strong>\u00a0<\/p>\n\n\n\n<ul class=\"wp-block-list\">\n<li><a href=\"https:\/\/npf-fpn.us13.list-manage.com\/track\/click?u=372c3beded56c31ecbae984b5&amp;id=f73654b7d0&amp;e=eb64240214\">Trevor&nbsp;Dinwoodie, administrateur<\/a>\u202f\u202f&nbsp;<\/li>\n\n\n\n<li><a href=\"https:\/\/npf-fpn.us13.list-manage.com\/track\/click?u=372c3beded56c31ecbae984b5&amp;id=bb4a0bcc98&amp;e=eb64240214\">Jeff&nbsp;Swann, administrateur<\/a>\u202f\u202f&nbsp;<\/li>\n\n\n\n<li><a href=\"https:\/\/npf-fpn.us13.list-manage.com\/track\/click?u=372c3beded56c31ecbae984b5&amp;id=b409a1d81f&amp;e=eb64240214\">Chris&nbsp;Voller, administrateur<\/a>\u202f\u202f&nbsp;<\/li>\n\n\n\n<li><a href=\"https:\/\/npf-fpn.us13.list-manage.com\/track\/click?u=372c3beded56c31ecbae984b5&amp;id=a81674629a&amp;e=eb64240214\">Britt&nbsp;Bancroft, administrateur<\/a>&nbsp;<\/li>\n<\/ul>\n\n\n\n<p>En plus de vos repr\u00e9sentants \u00e9lus, vous trouverez les noms de vos repr\u00e9sentants locaux, ainsi que leurs coordonn\u00e9es, <a href=\"https:\/\/npf-fpn.us13.list-manage.com\/track\/click?u=372c3beded56c31ecbae984b5&amp;id=6d90810eec&amp;e=eb64240214\">ici<\/a>.\u202f\u202f<\/p>\n\n\n\n<p>Sinc\u00e8res salutations,<\/p>\n\n\n\n<figure class=\"wp-block-image size-full\"><img decoding=\"async\" width=\"853\" height=\"303\" src=\"https:\/\/npf-fpn.com\/app\/uploads\/2024\/07\/PacNorth-Updated-2024EN-1.png\" alt=\"\" class=\"wp-image-52846\" srcset=\"https:\/\/npf-fpn.com\/app\/uploads\/2024\/07\/PacNorth-Updated-2024EN-1.png 853w, https:\/\/npf-fpn.com\/app\/uploads\/2024\/07\/PacNorth-Updated-2024EN-1-300x107.png 300w, https:\/\/npf-fpn.com\/app\/uploads\/2024\/07\/PacNorth-Updated-2024EN-1-768x273.png 768w, https:\/\/npf-fpn.com\/app\/uploads\/2024\/07\/PacNorth-Updated-2024EN-1-390x139.png 390w, https:\/\/npf-fpn.com\/app\/uploads\/2024\/07\/PacNorth-Updated-2024EN-1-600x213.png 600w\" sizes=\"(max-width: 853px) 100vw, 853px\" \/><\/figure>\n","protected":false},"excerpt":{"rendered":"<p>Vous trouverez ci-dessous un r\u00e9capitulatif des r\u00e9sultats des enqu\u00eates de surveillance, des incidents majeurs et du travail de repr\u00e9sentation dans la r\u00e9gion Pacifique\/Nord de la FPN au cours du mois de juillet. Visites de d\u00e9tachements en juillet Les directeurs de [&hellip;]<\/p>\n","protected":false},"featured_media":0,"template":"","news_type":[44],"audiences":[79],"news_topics":[],"class_list":["post-53495","news","type-news","status-publish","hentry","news_type-member-updates-fr","audiences-npf-members-fr"],"acf":[],"yoast_head":"<!-- This site is optimized with the Yoast SEO plugin v27.4 - https:\/\/yoast.com\/product\/yoast-seo-wordpress\/ -->\n<title>Mise \u00e0 jour des membres de la r\u00e9gion Pacifique\/Nord - R\u00e9capitulatif de juillet 2024 - NPF-FPN<\/title>\n<meta name=\"robots\" content=\"index, follow, max-snippet:-1, max-image-preview:large, max-video-preview:-1\" \/>\n<link rel=\"canonical\" href=\"https:\/\/npf-fpn.com\/fr\/news-item\/mise-a-jour-des-membres-de-la-region-pacifique-nord-recapitulatif-de-juillet-2024\/\" \/>\n<meta property=\"og:locale\" content=\"fr_FR\" \/>\n<meta property=\"og:type\" content=\"article\" \/>\n<meta property=\"og:title\" content=\"Mise \u00e0 jour des membres de la r\u00e9gion Pacifique\/Nord - R\u00e9capitulatif de juillet 2024 - NPF-FPN\" \/>\n<meta property=\"og:description\" content=\"Vous trouverez ci-dessous un r\u00e9capitulatif des r\u00e9sultats des enqu\u00eates de surveillance, des incidents majeurs et du travail de repr\u00e9sentation dans la r\u00e9gion Pacifique\/Nord de la FPN au cours du mois de juillet. Visites de d\u00e9tachements en juillet Les directeurs de [&hellip;]\" \/>\n<meta property=\"og:url\" content=\"https:\/\/npf-fpn.com\/fr\/news-item\/mise-a-jour-des-membres-de-la-region-pacifique-nord-recapitulatif-de-juillet-2024\/\" \/>\n<meta property=\"og:site_name\" content=\"NPF-FPN\" \/>\n<meta property=\"article:modified_time\" content=\"2024-08-07T20:17:22+00:00\" \/>\n<meta property=\"og:image\" content=\"https:\/\/npf-fpn.com\/app\/uploads\/2024\/07\/PacNorth-Updated-2024EN-1.png\" \/>\n<meta name=\"twitter:card\" content=\"summary_large_image\" \/>\n<meta name=\"twitter:label1\" content=\"Est. reading time\" \/>\n\t<meta name=\"twitter:data1\" content=\"4 minutes\" \/>\n<script type=\"application\/ld+json\" class=\"yoast-schema-graph\">{\"@context\":\"https:\\\/\\\/schema.org\",\"@graph\":[{\"@type\":\"WebPage\",\"@id\":\"https:\\\/\\\/npf-fpn.com\\\/fr\\\/news-item\\\/mise-a-jour-des-membres-de-la-region-pacifique-nord-recapitulatif-de-juillet-2024\\\/\",\"url\":\"https:\\\/\\\/npf-fpn.com\\\/fr\\\/news-item\\\/mise-a-jour-des-membres-de-la-region-pacifique-nord-recapitulatif-de-juillet-2024\\\/\",\"name\":\"Mise \u00e0 jour des membres de la r\u00e9gion Pacifique\\\/Nord - R\u00e9capitulatif de juillet 2024 - NPF-FPN\",\"isPartOf\":{\"@id\":\"https:\\\/\\\/npf-fpn.com\\\/#website\"},\"primaryImageOfPage\":{\"@id\":\"https:\\\/\\\/npf-fpn.com\\\/fr\\\/news-item\\\/mise-a-jour-des-membres-de-la-region-pacifique-nord-recapitulatif-de-juillet-2024\\\/#primaryimage\"},\"image\":{\"@id\":\"https:\\\/\\\/npf-fpn.com\\\/fr\\\/news-item\\\/mise-a-jour-des-membres-de-la-region-pacifique-nord-recapitulatif-de-juillet-2024\\\/#primaryimage\"},\"thumbnailUrl\":\"https:\\\/\\\/npf-fpn.com\\\/app\\\/uploads\\\/2024\\\/07\\\/PacNorth-Updated-2024EN-1.png\",\"datePublished\":\"2024-08-07T20:17:20+00:00\",\"dateModified\":\"2024-08-07T20:17:22+00:00\",\"breadcrumb\":{\"@id\":\"https:\\\/\\\/npf-fpn.com\\\/fr\\\/news-item\\\/mise-a-jour-des-membres-de-la-region-pacifique-nord-recapitulatif-de-juillet-2024\\\/#breadcrumb\"},\"inLanguage\":\"fr-FR\",\"potentialAction\":[{\"@type\":\"ReadAction\",\"target\":[\"https:\\\/\\\/npf-fpn.com\\\/fr\\\/news-item\\\/mise-a-jour-des-membres-de-la-region-pacifique-nord-recapitulatif-de-juillet-2024\\\/\"]}]},{\"@type\":\"ImageObject\",\"inLanguage\":\"fr-FR\",\"@id\":\"https:\\\/\\\/npf-fpn.com\\\/fr\\\/news-item\\\/mise-a-jour-des-membres-de-la-region-pacifique-nord-recapitulatif-de-juillet-2024\\\/#primaryimage\",\"url\":\"https:\\\/\\\/npf-fpn.com\\\/app\\\/uploads\\\/2024\\\/07\\\/PacNorth-Updated-2024EN-1.png\",\"contentUrl\":\"https:\\\/\\\/npf-fpn.com\\\/app\\\/uploads\\\/2024\\\/07\\\/PacNorth-Updated-2024EN-1.png\"},{\"@type\":\"BreadcrumbList\",\"@id\":\"https:\\\/\\\/npf-fpn.com\\\/fr\\\/news-item\\\/mise-a-jour-des-membres-de-la-region-pacifique-nord-recapitulatif-de-juillet-2024\\\/#breadcrumb\",\"itemListElement\":[{\"@type\":\"ListItem\",\"position\":1,\"name\":\"Accueil\",\"item\":\"https:\\\/\\\/npf-fpn.com\\\/fr\\\/\"},{\"@type\":\"ListItem\",\"position\":2,\"name\":\"Mise \u00e0 jour des membres de la r\u00e9gion Pacifique\\\/Nord &#8211; R\u00e9capitulatif de juillet 2024\"}]},{\"@type\":\"WebSite\",\"@id\":\"https:\\\/\\\/npf-fpn.com\\\/#website\",\"url\":\"https:\\\/\\\/npf-fpn.com\\\/\",\"name\":\"NPF-FPN\",\"description\":\"Providing strong, fair and progressive representation to almost 20,000 RCMP members across Canada.\",\"publisher\":{\"@id\":\"https:\\\/\\\/npf-fpn.com\\\/#organization\"},\"potentialAction\":[{\"@type\":\"SearchAction\",\"target\":{\"@type\":\"EntryPoint\",\"urlTemplate\":\"https:\\\/\\\/npf-fpn.com\\\/?s={search_term_string}\"},\"query-input\":{\"@type\":\"PropertyValueSpecification\",\"valueRequired\":true,\"valueName\":\"search_term_string\"}}],\"inLanguage\":\"fr-FR\"},{\"@type\":\"Organization\",\"@id\":\"https:\\\/\\\/npf-fpn.com\\\/#organization\",\"name\":\"NPF-FPN\",\"url\":\"https:\\\/\\\/npf-fpn.com\\\/\",\"logo\":{\"@type\":\"ImageObject\",\"inLanguage\":\"fr-FR\",\"@id\":\"https:\\\/\\\/npf-fpn.com\\\/#\\\/schema\\\/logo\\\/image\\\/\",\"url\":\"https:\\\/\\\/npf-fpn.com\\\/app\\\/uploads\\\/2022\\\/01\\\/NPF.jpg\",\"contentUrl\":\"https:\\\/\\\/npf-fpn.com\\\/app\\\/uploads\\\/2022\\\/01\\\/NPF.jpg\",\"width\":200,\"height\":200,\"caption\":\"NPF-FPN\"},\"image\":{\"@id\":\"https:\\\/\\\/npf-fpn.com\\\/#\\\/schema\\\/logo\\\/image\\\/\"}}]}<\/script>\n<!-- \/ Yoast SEO plugin. -->","yoast_head_json":{"title":"Mise \u00e0 jour des membres de la r\u00e9gion Pacifique\/Nord - R\u00e9capitulatif de juillet 2024 - NPF-FPN","robots":{"index":"index","follow":"follow","max-snippet":"max-snippet:-1","max-image-preview":"max-image-preview:large","max-video-preview":"max-video-preview:-1"},"canonical":"https:\/\/npf-fpn.com\/fr\/news-item\/mise-a-jour-des-membres-de-la-region-pacifique-nord-recapitulatif-de-juillet-2024\/","og_locale":"fr_FR","og_type":"article","og_title":"Mise \u00e0 jour des membres de la r\u00e9gion Pacifique\/Nord - R\u00e9capitulatif de juillet 2024 - NPF-FPN","og_description":"Vous trouverez ci-dessous un r\u00e9capitulatif des r\u00e9sultats des enqu\u00eates de surveillance, des incidents majeurs et du travail de repr\u00e9sentation dans la r\u00e9gion Pacifique\/Nord de la FPN au cours du mois de juillet. Visites de d\u00e9tachements en juillet Les directeurs de [&hellip;]","og_url":"https:\/\/npf-fpn.com\/fr\/news-item\/mise-a-jour-des-membres-de-la-region-pacifique-nord-recapitulatif-de-juillet-2024\/","og_site_name":"NPF-FPN","article_modified_time":"2024-08-07T20:17:22+00:00","og_image":[{"url":"https:\/\/npf-fpn.com\/app\/uploads\/2024\/07\/PacNorth-Updated-2024EN-1.png","type":"","width":"","height":""}],"twitter_card":"summary_large_image","twitter_misc":{"Est. reading time":"4 minutes"},"schema":{"@context":"https:\/\/schema.org","@graph":[{"@type":"WebPage","@id":"https:\/\/npf-fpn.com\/fr\/news-item\/mise-a-jour-des-membres-de-la-region-pacifique-nord-recapitulatif-de-juillet-2024\/","url":"https:\/\/npf-fpn.com\/fr\/news-item\/mise-a-jour-des-membres-de-la-region-pacifique-nord-recapitulatif-de-juillet-2024\/","name":"Mise \u00e0 jour des membres de la r\u00e9gion Pacifique\/Nord - R\u00e9capitulatif de juillet 2024 - NPF-FPN","isPartOf":{"@id":"https:\/\/npf-fpn.com\/#website"},"primaryImageOfPage":{"@id":"https:\/\/npf-fpn.com\/fr\/news-item\/mise-a-jour-des-membres-de-la-region-pacifique-nord-recapitulatif-de-juillet-2024\/#primaryimage"},"image":{"@id":"https:\/\/npf-fpn.com\/fr\/news-item\/mise-a-jour-des-membres-de-la-region-pacifique-nord-recapitulatif-de-juillet-2024\/#primaryimage"},"thumbnailUrl":"https:\/\/npf-fpn.com\/app\/uploads\/2024\/07\/PacNorth-Updated-2024EN-1.png","datePublished":"2024-08-07T20:17:20+00:00","dateModified":"2024-08-07T20:17:22+00:00","breadcrumb":{"@id":"https:\/\/npf-fpn.com\/fr\/news-item\/mise-a-jour-des-membres-de-la-region-pacifique-nord-recapitulatif-de-juillet-2024\/#breadcrumb"},"inLanguage":"fr-FR","potentialAction":[{"@type":"ReadAction","target":["https:\/\/npf-fpn.com\/fr\/news-item\/mise-a-jour-des-membres-de-la-region-pacifique-nord-recapitulatif-de-juillet-2024\/"]}]},{"@type":"ImageObject","inLanguage":"fr-FR","@id":"https:\/\/npf-fpn.com\/fr\/news-item\/mise-a-jour-des-membres-de-la-region-pacifique-nord-recapitulatif-de-juillet-2024\/#primaryimage","url":"https:\/\/npf-fpn.com\/app\/uploads\/2024\/07\/PacNorth-Updated-2024EN-1.png","contentUrl":"https:\/\/npf-fpn.com\/app\/uploads\/2024\/07\/PacNorth-Updated-2024EN-1.png"},{"@type":"BreadcrumbList","@id":"https:\/\/npf-fpn.com\/fr\/news-item\/mise-a-jour-des-membres-de-la-region-pacifique-nord-recapitulatif-de-juillet-2024\/#breadcrumb","itemListElement":[{"@type":"ListItem","position":1,"name":"Accueil","item":"https:\/\/npf-fpn.com\/fr\/"},{"@type":"ListItem","position":2,"name":"Mise \u00e0 jour des membres de la r\u00e9gion Pacifique\/Nord &#8211; R\u00e9capitulatif de juillet 2024"}]},{"@type":"WebSite","@id":"https:\/\/npf-fpn.com\/#website","url":"https:\/\/npf-fpn.com\/","name":"NPF-FPN","description":"Providing strong, fair and progressive representation to almost 20,000 RCMP members across Canada.","publisher":{"@id":"https:\/\/npf-fpn.com\/#organization"},"potentialAction":[{"@type":"SearchAction","target":{"@type":"EntryPoint","urlTemplate":"https:\/\/npf-fpn.com\/?s={search_term_string}"},"query-input":{"@type":"PropertyValueSpecification","valueRequired":true,"valueName":"search_term_string"}}],"inLanguage":"fr-FR"},{"@type":"Organization","@id":"https:\/\/npf-fpn.com\/#organization","name":"NPF-FPN","url":"https:\/\/npf-fpn.com\/","logo":{"@type":"ImageObject","inLanguage":"fr-FR","@id":"https:\/\/npf-fpn.com\/#\/schema\/logo\/image\/","url":"https:\/\/npf-fpn.com\/app\/uploads\/2022\/01\/NPF.jpg","contentUrl":"https:\/\/npf-fpn.com\/app\/uploads\/2022\/01\/NPF.jpg","width":200,"height":200,"caption":"NPF-FPN"},"image":{"@id":"https:\/\/npf-fpn.com\/#\/schema\/logo\/image\/"}}]}},"_links":{"self":[{"href":"https:\/\/npf-fpn.com\/fr\/wp-json\/wp\/v2\/news\/53495","targetHints":{"allow":["GET"]}}],"collection":[{"href":"https:\/\/npf-fpn.com\/fr\/wp-json\/wp\/v2\/news"}],"about":[{"href":"https:\/\/npf-fpn.com\/fr\/wp-json\/wp\/v2\/types\/news"}],"wp:attachment":[{"href":"https:\/\/npf-fpn.com\/fr\/wp-json\/wp\/v2\/media?parent=53495"}],"wp:term":[{"taxonomy":"news_type","embeddable":true,"href":"https:\/\/npf-fpn.com\/fr\/wp-json\/wp\/v2\/news_type?post=53495"},{"taxonomy":"audiences","embeddable":true,"href":"https:\/\/npf-fpn.com\/fr\/wp-json\/wp\/v2\/audiences?post=53495"},{"taxonomy":"news_topics","embeddable":true,"href":"https:\/\/npf-fpn.com\/fr\/wp-json\/wp\/v2\/news_topics?post=53495"}],"curies":[{"name":"wp","href":"https:\/\/api.w.org\/{rel}","templated":true}]}}