{"id":51877,"date":"2024-05-27T16:37:28","date_gmt":"2024-05-27T16:37:28","guid":{"rendered":"https:\/\/npf-fpn.com\/?post_type=news&#038;p=51877"},"modified":"2024-06-25T16:27:36","modified_gmt":"2024-06-25T16:27:36","slug":"la-fpn-dans-les-nouvelles-22-avril-au-22-mai-2024-lien-dinscription-a-laga","status":"publish","type":"news","link":"https:\/\/npf-fpn.com\/fr\/news-item\/la-fpn-dans-les-nouvelles-22-avril-au-22-mai-2024-lien-dinscription-a-laga\/","title":{"rendered":"La FPN dans les nouvelles \u2013 22 avril au 22 mai 2024 \/ Lien d&#8217;inscription \u00e0 l&#8217;AGA"},"content":{"rendered":"\n<p>Vous trouverez ci-dessous une s\u00e9lection de nouvelles concernant la F\u00e9d\u00e9ration de la police nationale diffus\u00e9es du 22&nbsp;avril au 22&nbsp;mai&nbsp;2024.<\/p>\n\n\n\n<p><strong>Prairies<\/strong><\/p>\n\n\n\n<p>Nous avons \u00e9t\u00e9 d\u00e9\u00e7us de la d\u00e9claration critique hautement politis\u00e9e du ministre de la S\u00e9curit\u00e9 publique et des Services d\u2019urgence de l\u2019Alberta, Mike&nbsp;Ellis, \u00e0 l\u2019occasion de la Semaine nationale de la police. Nous avons r\u00e9pondu par notre propre&nbsp;<a href=\"https:\/\/npf-fpn.us13.list-manage.com\/track\/click?u=372c3beded56c31ecbae984b5&amp;id=863ebdb643&amp;e=7cd546628b\" target=\"_blank\" rel=\"noreferrer noopener\">d\u00e9claration<\/a>&nbsp;(en anglais), qui a \u00e9t\u00e9 relay\u00e9e par les m\u00e9dias locaux. Le pr\u00e9sident-directeur g\u00e9n\u00e9ral de la FPN, Brian&nbsp;Sauv\u00e9, a \u00e9galement accord\u00e9 une entrevue.<\/p>\n\n\n\n<ul class=\"wp-block-list\">\n<li><a href=\"https:\/\/npf-fpn.us13.list-manage.com\/track\/click?u=372c3beded56c31ecbae984b5&amp;id=561fc8bbb8&amp;e=7cd546628b\" target=\"_blank\" rel=\"noreferrer noopener\">Calgary Herald<\/a><\/li>\n\n\n\n<li><a href=\"https:\/\/npf-fpn.us13.list-manage.com\/track\/click?u=372c3beded56c31ecbae984b5&amp;id=57909a0efa&amp;e=7cd546628b\" target=\"_blank\" rel=\"noreferrer noopener\">Midday on 630 CHED with Courtney Theriault<\/a><\/li>\n<\/ul>\n\n\n\n<p><br><br><strong>Pacifique\/Nord<\/strong><br><br>En r\u00e9ponse aux all\u00e9gations non prouv\u00e9es et unilat\u00e9rales du service de police de Surrey \u00e0 l&#8217;\u00e9gard de nos membres, nous avons publi\u00e9 la&nbsp;<a href=\"https:\/\/npf-fpn.us13.list-manage.com\/track\/click?u=372c3beded56c31ecbae984b5&amp;id=5048898262&amp;e=7cd546628b\" target=\"_blank\" rel=\"noreferrer noopener\">d\u00e9claration<\/a>&nbsp;suivante (en anglais). Nous avons soulign\u00e9 notre soutien et notre engagement continus envers les membres de la GRC de Surrey tout au long du processus de transition.<\/p>\n\n\n\n<ul class=\"wp-block-list\">\n<li><a href=\"https:\/\/npf-fpn.us13.list-manage.com\/track\/click?u=372c3beded56c31ecbae984b5&amp;id=84afcf3a4d&amp;e=7cd546628b\" target=\"_blank\" rel=\"noreferrer noopener\">The Globe and Mail<\/a>&nbsp;(en anglais)<\/li>\n<\/ul>\n\n\n\n<p>Ces propos ont aussi \u00e9t\u00e9 repris dans un article comparant la transition \u00e0 Surrey avec celle \u00e0 Grande&nbsp;Prairie, en Alberta.<\/p>\n\n\n\n<ul class=\"wp-block-list\">\n<li><a href=\"https:\/\/npf-fpn.us13.list-manage.com\/track\/click?u=372c3beded56c31ecbae984b5&amp;id=2b512f1d7b&amp;e=7cd546628b\" target=\"_blank\" rel=\"noreferrer noopener\">The Vancouver Sun<\/a>&nbsp;(en anglais)<\/li>\n<\/ul>\n\n\n\n<p>Nous nous r\u00e9jouissons de la d\u00e9cision, le 23&nbsp;avril, de la Couronne d\u2019exon\u00e9rer les membres de Campbell River \u00e0 la suite d\u2019un incident survenu en 2021. En cons\u00e9quence, nous avons diffus\u00e9 cette&nbsp;<a href=\"https:\/\/npf-fpn.us13.list-manage.com\/track\/click?u=372c3beded56c31ecbae984b5&amp;id=d49ffb4f5b&amp;e=7cd546628b\" target=\"_blank\" rel=\"noreferrer noopener\">d\u00e9claration<\/a>, qui a g\u00e9n\u00e9r\u00e9 la couverture suivante.<\/p>\n\n\n\n<ul class=\"wp-block-list\">\n<li><a href=\"https:\/\/npf-fpn.us13.list-manage.com\/track\/click?u=372c3beded56c31ecbae984b5&amp;id=914237e667&amp;e=7cd546628b\" target=\"_blank\" rel=\"noreferrer noopener\">CTV News<\/a>&nbsp;(en anglais)<\/li>\n\n\n\n<li><a href=\"https:\/\/npf-fpn.us13.list-manage.com\/track\/click?u=372c3beded56c31ecbae984b5&amp;id=7b9162311b&amp;e=7cd546628b\" target=\"_blank\" rel=\"noreferrer noopener\">Campbell River Mirror<\/a>&nbsp;(en anglais)<\/li>\n<\/ul>\n\n\n\n<p>Des commentaires attribu\u00e9s \u00e0 la r\u00e9cente d\u00e9cision d&#8217;arbitrage concernant la r\u00e9mun\u00e9ration des membres ont \u00e9t\u00e9 publi\u00e9s dans un article sur le recrutement en Colombie-Britannique, dans lequel figurait le sous-commissaire Dwayne McDonald.<\/p>\n\n\n\n<ul class=\"wp-block-list\">\n<li><a href=\"https:\/\/npf-fpn.us13.list-manage.com\/track\/click?u=372c3beded56c31ecbae984b5&amp;id=567c911bb2&amp;e=7cd546628b\" target=\"_blank\" rel=\"noreferrer noopener\">The Province<\/a>&nbsp;(en anglais)<\/li>\n<\/ul>\n\n\n\n<p>Jeff&nbsp;Swann, directeur de la r\u00e9gion du Pacifique et du Nord, s\u2019est entretenu avec Adam&nbsp;Stirling de la d\u00e9cision de la Colombie-Britannique de rendre de nouveau ill\u00e9gale la consommation de drogues en public.<\/p>\n\n\n\n<ul class=\"wp-block-list\">\n<li><a href=\"https:\/\/npf-fpn.us13.list-manage.com\/track\/click?u=372c3beded56c31ecbae984b5&amp;id=92b4e70aed&amp;e=7cd546628b\" target=\"_blank\" rel=\"noreferrer noopener\">Adam&nbsp;Stirling<\/a>&nbsp;(en anglais)<\/li>\n<\/ul>\n\n\n\n<p><strong>Inscription pour assister virtuellement \u00e0 l&#8217;Assembl\u00e9e g\u00e9n\u00e9rale annuelle<\/strong><\/p>\n\n\n\n<p>Comme mentionn\u00e9 dans la\u00a0<a href=\"https:\/\/npf-fpn.us13.list-manage.com\/track\/click?u=372c3beded56c31ecbae984b5&amp;id=a8b1b9476d&amp;e=7cd546628b\" target=\"_blank\" rel=\"noreferrer noopener\">mise \u00e0 jour \u00e0 l\u2019intention des membres du 21\u00a0mai<\/a>\u00a0(ouverture de session requise), l\u2019<a href=\"https:\/\/npf-fpn.us13.list-manage.com\/track\/click?u=372c3beded56c31ecbae984b5&amp;id=922c5ca08b&amp;e=7cd546628b\" target=\"_blank\" rel=\"noreferrer noopener\">assembl\u00e9e g\u00e9n\u00e9rale annuelle<\/a>\u00a0(AGA) 2024 de la F\u00e9d\u00e9ration de la police nationale aura lieu le mercredi\u00a019\u00a0juin \u00e0 13\u00a0h (HE). Les d\u00e9l\u00e9gu\u00e9s des trois r\u00e9gions de la FPN assisteront \u00e0 l\u2019AGA en personne \u00e0 Ottawa, et tous les membres sont invit\u00e9s \u00e0 y assister virtuellement par Zoom\u00a0\u2013\u00a0<a href=\"https:\/\/npf-fpn.us13.list-manage.com\/track\/click?u=372c3beded56c31ecbae984b5&amp;id=5c747b65fd&amp;e=7cd546628b\" target=\"_blank\" rel=\"noreferrer noopener\">veuillez cliquer ici pour vous inscrire<\/a>.<br>\u00a0<\/p>\n\n\n\n<p>Sinc\u00e8res salutations,<\/p>\n\n\n\n<figure class=\"wp-block-image size-full is-resized\"><img decoding=\"async\" width=\"306\" height=\"163\" src=\"https:\/\/npf-fpn.com\/app\/uploads\/2024\/05\/image-12.png\" alt=\"\" class=\"wp-image-51836\" style=\"width:272px;height:auto\" srcset=\"https:\/\/npf-fpn.com\/app\/uploads\/2024\/05\/image-12.png 306w, https:\/\/npf-fpn.com\/app\/uploads\/2024\/05\/image-12-300x160.png 300w\" sizes=\"(max-width: 306px) 100vw, 306px\" \/><\/figure>\n","protected":false},"excerpt":{"rendered":"<p>Vous trouverez ci-dessous une s\u00e9lection de nouvelles concernant la F\u00e9d\u00e9ration de la police nationale diffus\u00e9es du 22&nbsp;avril au 22&nbsp;mai&nbsp;2024. Prairies Nous avons \u00e9t\u00e9 d\u00e9\u00e7us de la d\u00e9claration critique hautement politis\u00e9e du ministre de la S\u00e9curit\u00e9 publique et des Services d\u2019urgence [&hellip;]<\/p>\n","protected":false},"featured_media":0,"template":"","news_type":[44],"audiences":[79],"news_topics":[],"class_list":["post-51877","news","type-news","status-publish","hentry","news_type-member-updates-fr","audiences-npf-members-fr"],"acf":[],"yoast_head":"<!-- This site is optimized with the Yoast SEO plugin v27.4 - https:\/\/yoast.com\/product\/yoast-seo-wordpress\/ -->\n<title>La FPN dans les nouvelles \u2013 22 avril au 22 mai 2024 \/ Lien d&#039;inscription \u00e0 l&#039;AGA - NPF-FPN<\/title>\n<meta name=\"robots\" content=\"index, follow, max-snippet:-1, max-image-preview:large, max-video-preview:-1\" \/>\n<link rel=\"canonical\" href=\"https:\/\/npf-fpn.com\/fr\/news-item\/la-fpn-dans-les-nouvelles-22-avril-au-22-mai-2024-lien-dinscription-a-laga\/\" \/>\n<meta property=\"og:locale\" content=\"fr_FR\" \/>\n<meta property=\"og:type\" content=\"article\" \/>\n<meta property=\"og:title\" content=\"La FPN dans les nouvelles \u2013 22 avril au 22 mai 2024 \/ Lien d&#039;inscription \u00e0 l&#039;AGA - NPF-FPN\" \/>\n<meta property=\"og:description\" content=\"Vous trouverez ci-dessous une s\u00e9lection de nouvelles concernant la F\u00e9d\u00e9ration de la police nationale diffus\u00e9es du 22&nbsp;avril au 22&nbsp;mai&nbsp;2024. Prairies Nous avons \u00e9t\u00e9 d\u00e9\u00e7us de la d\u00e9claration critique hautement politis\u00e9e du ministre de la S\u00e9curit\u00e9 publique et des Services d\u2019urgence [&hellip;]\" \/>\n<meta property=\"og:url\" content=\"https:\/\/npf-fpn.com\/fr\/news-item\/la-fpn-dans-les-nouvelles-22-avril-au-22-mai-2024-lien-dinscription-a-laga\/\" \/>\n<meta property=\"og:site_name\" content=\"NPF-FPN\" \/>\n<meta property=\"article:modified_time\" content=\"2024-06-25T16:27:36+00:00\" \/>\n<meta property=\"og:image\" content=\"https:\/\/npf-fpn.com\/app\/uploads\/2024\/05\/image-12.png\" \/>\n<meta name=\"twitter:card\" content=\"summary_large_image\" \/>\n<meta name=\"twitter:label1\" content=\"Est. reading time\" \/>\n\t<meta name=\"twitter:data1\" content=\"2 minutes\" \/>\n<script type=\"application\/ld+json\" class=\"yoast-schema-graph\">{\"@context\":\"https:\\\/\\\/schema.org\",\"@graph\":[{\"@type\":\"WebPage\",\"@id\":\"https:\\\/\\\/npf-fpn.com\\\/fr\\\/news-item\\\/la-fpn-dans-les-nouvelles-22-avril-au-22-mai-2024-lien-dinscription-a-laga\\\/\",\"url\":\"https:\\\/\\\/npf-fpn.com\\\/fr\\\/news-item\\\/la-fpn-dans-les-nouvelles-22-avril-au-22-mai-2024-lien-dinscription-a-laga\\\/\",\"name\":\"La FPN dans les nouvelles \u2013 22 avril au 22 mai 2024 \\\/ Lien d'inscription \u00e0 l'AGA - NPF-FPN\",\"isPartOf\":{\"@id\":\"https:\\\/\\\/npf-fpn.com\\\/#website\"},\"primaryImageOfPage\":{\"@id\":\"https:\\\/\\\/npf-fpn.com\\\/fr\\\/news-item\\\/la-fpn-dans-les-nouvelles-22-avril-au-22-mai-2024-lien-dinscription-a-laga\\\/#primaryimage\"},\"image\":{\"@id\":\"https:\\\/\\\/npf-fpn.com\\\/fr\\\/news-item\\\/la-fpn-dans-les-nouvelles-22-avril-au-22-mai-2024-lien-dinscription-a-laga\\\/#primaryimage\"},\"thumbnailUrl\":\"https:\\\/\\\/npf-fpn.com\\\/app\\\/uploads\\\/2024\\\/05\\\/image-12.png\",\"datePublished\":\"2024-05-27T16:37:28+00:00\",\"dateModified\":\"2024-06-25T16:27:36+00:00\",\"breadcrumb\":{\"@id\":\"https:\\\/\\\/npf-fpn.com\\\/fr\\\/news-item\\\/la-fpn-dans-les-nouvelles-22-avril-au-22-mai-2024-lien-dinscription-a-laga\\\/#breadcrumb\"},\"inLanguage\":\"fr-FR\",\"potentialAction\":[{\"@type\":\"ReadAction\",\"target\":[\"https:\\\/\\\/npf-fpn.com\\\/fr\\\/news-item\\\/la-fpn-dans-les-nouvelles-22-avril-au-22-mai-2024-lien-dinscription-a-laga\\\/\"]}]},{\"@type\":\"ImageObject\",\"inLanguage\":\"fr-FR\",\"@id\":\"https:\\\/\\\/npf-fpn.com\\\/fr\\\/news-item\\\/la-fpn-dans-les-nouvelles-22-avril-au-22-mai-2024-lien-dinscription-a-laga\\\/#primaryimage\",\"url\":\"https:\\\/\\\/npf-fpn.com\\\/app\\\/uploads\\\/2024\\\/05\\\/image-12.png\",\"contentUrl\":\"https:\\\/\\\/npf-fpn.com\\\/app\\\/uploads\\\/2024\\\/05\\\/image-12.png\"},{\"@type\":\"BreadcrumbList\",\"@id\":\"https:\\\/\\\/npf-fpn.com\\\/fr\\\/news-item\\\/la-fpn-dans-les-nouvelles-22-avril-au-22-mai-2024-lien-dinscription-a-laga\\\/#breadcrumb\",\"itemListElement\":[{\"@type\":\"ListItem\",\"position\":1,\"name\":\"Accueil\",\"item\":\"https:\\\/\\\/npf-fpn.com\\\/fr\\\/\"},{\"@type\":\"ListItem\",\"position\":2,\"name\":\"La FPN dans les nouvelles \u2013 22 avril au 22 mai 2024 \\\/ Lien d&#8217;inscription \u00e0 l&#8217;AGA\"}]},{\"@type\":\"WebSite\",\"@id\":\"https:\\\/\\\/npf-fpn.com\\\/#website\",\"url\":\"https:\\\/\\\/npf-fpn.com\\\/\",\"name\":\"NPF-FPN\",\"description\":\"Providing strong, fair and progressive representation to almost 20,000 RCMP members across Canada.\",\"publisher\":{\"@id\":\"https:\\\/\\\/npf-fpn.com\\\/#organization\"},\"potentialAction\":[{\"@type\":\"SearchAction\",\"target\":{\"@type\":\"EntryPoint\",\"urlTemplate\":\"https:\\\/\\\/npf-fpn.com\\\/?s={search_term_string}\"},\"query-input\":{\"@type\":\"PropertyValueSpecification\",\"valueRequired\":true,\"valueName\":\"search_term_string\"}}],\"inLanguage\":\"fr-FR\"},{\"@type\":\"Organization\",\"@id\":\"https:\\\/\\\/npf-fpn.com\\\/#organization\",\"name\":\"NPF-FPN\",\"url\":\"https:\\\/\\\/npf-fpn.com\\\/\",\"logo\":{\"@type\":\"ImageObject\",\"inLanguage\":\"fr-FR\",\"@id\":\"https:\\\/\\\/npf-fpn.com\\\/#\\\/schema\\\/logo\\\/image\\\/\",\"url\":\"https:\\\/\\\/npf-fpn.com\\\/app\\\/uploads\\\/2022\\\/01\\\/NPF.jpg\",\"contentUrl\":\"https:\\\/\\\/npf-fpn.com\\\/app\\\/uploads\\\/2022\\\/01\\\/NPF.jpg\",\"width\":200,\"height\":200,\"caption\":\"NPF-FPN\"},\"image\":{\"@id\":\"https:\\\/\\\/npf-fpn.com\\\/#\\\/schema\\\/logo\\\/image\\\/\"}}]}<\/script>\n<!-- \/ Yoast SEO plugin. -->","yoast_head_json":{"title":"La FPN dans les nouvelles \u2013 22 avril au 22 mai 2024 \/ Lien d'inscription \u00e0 l'AGA - NPF-FPN","robots":{"index":"index","follow":"follow","max-snippet":"max-snippet:-1","max-image-preview":"max-image-preview:large","max-video-preview":"max-video-preview:-1"},"canonical":"https:\/\/npf-fpn.com\/fr\/news-item\/la-fpn-dans-les-nouvelles-22-avril-au-22-mai-2024-lien-dinscription-a-laga\/","og_locale":"fr_FR","og_type":"article","og_title":"La FPN dans les nouvelles \u2013 22 avril au 22 mai 2024 \/ Lien d'inscription \u00e0 l'AGA - NPF-FPN","og_description":"Vous trouverez ci-dessous une s\u00e9lection de nouvelles concernant la F\u00e9d\u00e9ration de la police nationale diffus\u00e9es du 22&nbsp;avril au 22&nbsp;mai&nbsp;2024. Prairies Nous avons \u00e9t\u00e9 d\u00e9\u00e7us de la d\u00e9claration critique hautement politis\u00e9e du ministre de la S\u00e9curit\u00e9 publique et des Services d\u2019urgence [&hellip;]","og_url":"https:\/\/npf-fpn.com\/fr\/news-item\/la-fpn-dans-les-nouvelles-22-avril-au-22-mai-2024-lien-dinscription-a-laga\/","og_site_name":"NPF-FPN","article_modified_time":"2024-06-25T16:27:36+00:00","og_image":[{"url":"https:\/\/npf-fpn.com\/app\/uploads\/2024\/05\/image-12.png","type":"","width":"","height":""}],"twitter_card":"summary_large_image","twitter_misc":{"Est. reading time":"2 minutes"},"schema":{"@context":"https:\/\/schema.org","@graph":[{"@type":"WebPage","@id":"https:\/\/npf-fpn.com\/fr\/news-item\/la-fpn-dans-les-nouvelles-22-avril-au-22-mai-2024-lien-dinscription-a-laga\/","url":"https:\/\/npf-fpn.com\/fr\/news-item\/la-fpn-dans-les-nouvelles-22-avril-au-22-mai-2024-lien-dinscription-a-laga\/","name":"La FPN dans les nouvelles \u2013 22 avril au 22 mai 2024 \/ Lien d'inscription \u00e0 l'AGA - NPF-FPN","isPartOf":{"@id":"https:\/\/npf-fpn.com\/#website"},"primaryImageOfPage":{"@id":"https:\/\/npf-fpn.com\/fr\/news-item\/la-fpn-dans-les-nouvelles-22-avril-au-22-mai-2024-lien-dinscription-a-laga\/#primaryimage"},"image":{"@id":"https:\/\/npf-fpn.com\/fr\/news-item\/la-fpn-dans-les-nouvelles-22-avril-au-22-mai-2024-lien-dinscription-a-laga\/#primaryimage"},"thumbnailUrl":"https:\/\/npf-fpn.com\/app\/uploads\/2024\/05\/image-12.png","datePublished":"2024-05-27T16:37:28+00:00","dateModified":"2024-06-25T16:27:36+00:00","breadcrumb":{"@id":"https:\/\/npf-fpn.com\/fr\/news-item\/la-fpn-dans-les-nouvelles-22-avril-au-22-mai-2024-lien-dinscription-a-laga\/#breadcrumb"},"inLanguage":"fr-FR","potentialAction":[{"@type":"ReadAction","target":["https:\/\/npf-fpn.com\/fr\/news-item\/la-fpn-dans-les-nouvelles-22-avril-au-22-mai-2024-lien-dinscription-a-laga\/"]}]},{"@type":"ImageObject","inLanguage":"fr-FR","@id":"https:\/\/npf-fpn.com\/fr\/news-item\/la-fpn-dans-les-nouvelles-22-avril-au-22-mai-2024-lien-dinscription-a-laga\/#primaryimage","url":"https:\/\/npf-fpn.com\/app\/uploads\/2024\/05\/image-12.png","contentUrl":"https:\/\/npf-fpn.com\/app\/uploads\/2024\/05\/image-12.png"},{"@type":"BreadcrumbList","@id":"https:\/\/npf-fpn.com\/fr\/news-item\/la-fpn-dans-les-nouvelles-22-avril-au-22-mai-2024-lien-dinscription-a-laga\/#breadcrumb","itemListElement":[{"@type":"ListItem","position":1,"name":"Accueil","item":"https:\/\/npf-fpn.com\/fr\/"},{"@type":"ListItem","position":2,"name":"La FPN dans les nouvelles \u2013 22 avril au 22 mai 2024 \/ Lien d&#8217;inscription \u00e0 l&#8217;AGA"}]},{"@type":"WebSite","@id":"https:\/\/npf-fpn.com\/#website","url":"https:\/\/npf-fpn.com\/","name":"NPF-FPN","description":"Providing strong, fair and progressive representation to almost 20,000 RCMP members across Canada.","publisher":{"@id":"https:\/\/npf-fpn.com\/#organization"},"potentialAction":[{"@type":"SearchAction","target":{"@type":"EntryPoint","urlTemplate":"https:\/\/npf-fpn.com\/?s={search_term_string}"},"query-input":{"@type":"PropertyValueSpecification","valueRequired":true,"valueName":"search_term_string"}}],"inLanguage":"fr-FR"},{"@type":"Organization","@id":"https:\/\/npf-fpn.com\/#organization","name":"NPF-FPN","url":"https:\/\/npf-fpn.com\/","logo":{"@type":"ImageObject","inLanguage":"fr-FR","@id":"https:\/\/npf-fpn.com\/#\/schema\/logo\/image\/","url":"https:\/\/npf-fpn.com\/app\/uploads\/2022\/01\/NPF.jpg","contentUrl":"https:\/\/npf-fpn.com\/app\/uploads\/2022\/01\/NPF.jpg","width":200,"height":200,"caption":"NPF-FPN"},"image":{"@id":"https:\/\/npf-fpn.com\/#\/schema\/logo\/image\/"}}]}},"_links":{"self":[{"href":"https:\/\/npf-fpn.com\/fr\/wp-json\/wp\/v2\/news\/51877","targetHints":{"allow":["GET"]}}],"collection":[{"href":"https:\/\/npf-fpn.com\/fr\/wp-json\/wp\/v2\/news"}],"about":[{"href":"https:\/\/npf-fpn.com\/fr\/wp-json\/wp\/v2\/types\/news"}],"wp:attachment":[{"href":"https:\/\/npf-fpn.com\/fr\/wp-json\/wp\/v2\/media?parent=51877"}],"wp:term":[{"taxonomy":"news_type","embeddable":true,"href":"https:\/\/npf-fpn.com\/fr\/wp-json\/wp\/v2\/news_type?post=51877"},{"taxonomy":"audiences","embeddable":true,"href":"https:\/\/npf-fpn.com\/fr\/wp-json\/wp\/v2\/audiences?post=51877"},{"taxonomy":"news_topics","embeddable":true,"href":"https:\/\/npf-fpn.com\/fr\/wp-json\/wp\/v2\/news_topics?post=51877"}],"curies":[{"name":"wp","href":"https:\/\/api.w.org\/{rel}","templated":true}]}}