{"id":51461,"date":"2024-05-08T17:40:24","date_gmt":"2024-05-08T17:40:24","guid":{"rendered":"https:\/\/npf-fpn.com\/news-item\/npf-proud-to-support-national-reintegration-program\/"},"modified":"2024-05-13T17:42:43","modified_gmt":"2024-05-13T17:42:43","slug":"la-federation-de-la-police-nationale-est-fiere-dappuyer-le-programme-national-de-reintegration","status":"publish","type":"news","link":"https:\/\/npf-fpn.com\/fr\/news-item\/la-federation-de-la-police-nationale-est-fiere-dappuyer-le-programme-national-de-reintegration\/","title":{"rendered":"La F\u00e9d\u00e9ration de la police nationale est fi\u00e8re d\u2019appuyer le Programme national de r\u00e9int\u00e9gration"},"content":{"rendered":"\n<p>Dans le cadre de notre engagement en faveur d&#8217;initiatives de sensibilisation et de d\u00e9fense li\u00e9es \u00e0 la pr\u00e9valence et \u00e0 l&#8217;impact des atteintes \u00e0 la sant\u00e9 mentale parmi nos membres au cours de la semaine de la sant\u00e9 mentale, la FPN a le plaisir de partager des informations relatives au Programme national de r\u00e9int\u00e9gration de la GRC.<\/p>\n\n\n\n<p>Le Programme national de r\u00e9int\u00e9gration soutient les membres lors de leur retour au travail apr\u00e8s un cong\u00e9 prolong\u00e9, pouvant \u00eatre d\u00fb \u00e0 un incident critique, \u00e0 un cong\u00e9 parental ou \u00e0 une absence prolong\u00e9e pour raisons m\u00e9dicales. Ce programme, dirig\u00e9 par les membres, permet \u00e0 ces derniers de prendre le contr\u00f4le, d&#8217;avancer au rythme qu&#8217;ils souhaitent et de se concentrer sur leurs priorit\u00e9s.<\/p>\n\n\n\n<p>Il y a plusieurs mois, la FPN a eu l&#8217;occasion de s&#8217;entretenir avec certains des membres participant \u00e0 ce programme, notamment Ray Savage, coordonnateur du Programme national de r\u00e9int\u00e9gration, ainsi qu&#8217;avec plusieurs anciens participants et intervenants du programme, qui ont tous courageusement partag\u00e9 leur propre histoire sur ce qu&#8217;est le programme de r\u00e9int\u00e9gration et sur la fa\u00e7on dont il peut aider les membres.<\/p>\n\n\n\n<p>Nous avons ajout\u00e9 ces vid\u00e9os \u00e0 notre page confidentielle consacr\u00e9e pour les membres. Nous invitons tous les membres \u00e0 visionner ces histoires marquantes et pleines de d\u00e9fis en cliquant&nbsp;<a href=\"https:\/\/npf-fpn.us13.list-manage.com\/track\/click?u=372c3beded56c31ecbae984b5&amp;id=2784d1a48b&amp;e=d05a6b4ed8\">ici<\/a>&nbsp;(vous devrez ouvrir une session). Une fois sur cette page, vous pourrez aussi t\u00e9l\u00e9charger un document PDF qui contient les coordonn\u00e9es du coordonnateur du Programme national de r\u00e9int\u00e9gration de chaque division.<\/p>\n\n\n\n<p>Si vous pensez qu&#8217;il vous serait utile de faire appel au Programme de r\u00e9int\u00e9gration, la FPN vous encourage vivement \u00e0 visionner ces vid\u00e9os informatives et \u00e0 contacter le coordonnateur de votre division.<\/p>\n\n\n\n<p>De plus, la FPN tient \u00e0 remercier sinc\u00e8rement les membres d\u2019avoir fait \u0153uvre utile en racontant leurs histoires avec tant de gentillesse et d\u2019ouverture. Ils nous ont permis d\u2019en apprendre plus sur ce programme et sur leurs exp\u00e9riences qu\u2019ils ont v\u00e9cues.<\/p>\n\n\n\n<p>La FPN est fi\u00e8re d\u2019\u00eatre l\u00e0 pour vous aider.<\/p>\n\n\n\n<figure class=\"wp-block-image size-full\"><img decoding=\"async\" width=\"279\" height=\"131\" src=\"https:\/\/npf-fpn.com\/app\/uploads\/2024\/03\/DG.png\" alt=\"\" class=\"wp-image-49479\"\/><\/figure>\n","protected":false},"excerpt":{"rendered":"<p>Dans le cadre de notre engagement en faveur d&#8217;initiatives de sensibilisation et de d\u00e9fense li\u00e9es \u00e0 la pr\u00e9valence et \u00e0 l&#8217;impact des atteintes \u00e0 la sant\u00e9 mentale parmi nos membres au cours de la semaine de la sant\u00e9 mentale, la [&hellip;]<\/p>\n","protected":false},"featured_media":0,"template":"","news_type":[44],"audiences":[],"news_topics":[],"class_list":["post-51461","news","type-news","status-publish","hentry","news_type-member-updates-fr"],"acf":[],"yoast_head":"<!-- This site is optimized with the Yoast SEO plugin v27.4 - https:\/\/yoast.com\/product\/yoast-seo-wordpress\/ -->\n<title>La F\u00e9d\u00e9ration de la police nationale est fi\u00e8re d\u2019appuyer le Programme national de r\u00e9int\u00e9gration - NPF-FPN<\/title>\n<meta name=\"robots\" content=\"index, follow, max-snippet:-1, max-image-preview:large, max-video-preview:-1\" \/>\n<link rel=\"canonical\" href=\"https:\/\/npf-fpn.com\/fr\/news-item\/la-federation-de-la-police-nationale-est-fiere-dappuyer-le-programme-national-de-reintegration\/\" \/>\n<meta property=\"og:locale\" content=\"fr_FR\" \/>\n<meta property=\"og:type\" content=\"article\" \/>\n<meta property=\"og:title\" content=\"La F\u00e9d\u00e9ration de la police nationale est fi\u00e8re d\u2019appuyer le Programme national de r\u00e9int\u00e9gration - NPF-FPN\" \/>\n<meta property=\"og:description\" content=\"Dans le cadre de notre engagement en faveur d&#8217;initiatives de sensibilisation et de d\u00e9fense li\u00e9es \u00e0 la pr\u00e9valence et \u00e0 l&#8217;impact des atteintes \u00e0 la sant\u00e9 mentale parmi nos membres au cours de la semaine de la sant\u00e9 mentale, la [&hellip;]\" \/>\n<meta property=\"og:url\" content=\"https:\/\/npf-fpn.com\/fr\/news-item\/la-federation-de-la-police-nationale-est-fiere-dappuyer-le-programme-national-de-reintegration\/\" \/>\n<meta property=\"og:site_name\" content=\"NPF-FPN\" \/>\n<meta property=\"article:modified_time\" content=\"2024-05-13T17:42:43+00:00\" \/>\n<meta property=\"og:image\" content=\"https:\/\/npf-fpn.com\/app\/uploads\/2024\/03\/DG.png\" \/>\n<meta name=\"twitter:card\" content=\"summary_large_image\" \/>\n<meta name=\"twitter:label1\" content=\"Est. reading time\" \/>\n\t<meta name=\"twitter:data1\" content=\"2 minutes\" \/>\n<script type=\"application\/ld+json\" class=\"yoast-schema-graph\">{\"@context\":\"https:\\\/\\\/schema.org\",\"@graph\":[{\"@type\":\"WebPage\",\"@id\":\"https:\\\/\\\/npf-fpn.com\\\/fr\\\/news-item\\\/la-federation-de-la-police-nationale-est-fiere-dappuyer-le-programme-national-de-reintegration\\\/\",\"url\":\"https:\\\/\\\/npf-fpn.com\\\/fr\\\/news-item\\\/la-federation-de-la-police-nationale-est-fiere-dappuyer-le-programme-national-de-reintegration\\\/\",\"name\":\"La F\u00e9d\u00e9ration de la police nationale est fi\u00e8re d\u2019appuyer le Programme national de r\u00e9int\u00e9gration - NPF-FPN\",\"isPartOf\":{\"@id\":\"https:\\\/\\\/npf-fpn.com\\\/#website\"},\"primaryImageOfPage\":{\"@id\":\"https:\\\/\\\/npf-fpn.com\\\/fr\\\/news-item\\\/la-federation-de-la-police-nationale-est-fiere-dappuyer-le-programme-national-de-reintegration\\\/#primaryimage\"},\"image\":{\"@id\":\"https:\\\/\\\/npf-fpn.com\\\/fr\\\/news-item\\\/la-federation-de-la-police-nationale-est-fiere-dappuyer-le-programme-national-de-reintegration\\\/#primaryimage\"},\"thumbnailUrl\":\"https:\\\/\\\/npf-fpn.com\\\/app\\\/uploads\\\/2024\\\/03\\\/DG.png\",\"datePublished\":\"2024-05-08T17:40:24+00:00\",\"dateModified\":\"2024-05-13T17:42:43+00:00\",\"breadcrumb\":{\"@id\":\"https:\\\/\\\/npf-fpn.com\\\/fr\\\/news-item\\\/la-federation-de-la-police-nationale-est-fiere-dappuyer-le-programme-national-de-reintegration\\\/#breadcrumb\"},\"inLanguage\":\"fr-FR\",\"potentialAction\":[{\"@type\":\"ReadAction\",\"target\":[\"https:\\\/\\\/npf-fpn.com\\\/fr\\\/news-item\\\/la-federation-de-la-police-nationale-est-fiere-dappuyer-le-programme-national-de-reintegration\\\/\"]}]},{\"@type\":\"ImageObject\",\"inLanguage\":\"fr-FR\",\"@id\":\"https:\\\/\\\/npf-fpn.com\\\/fr\\\/news-item\\\/la-federation-de-la-police-nationale-est-fiere-dappuyer-le-programme-national-de-reintegration\\\/#primaryimage\",\"url\":\"https:\\\/\\\/npf-fpn.com\\\/app\\\/uploads\\\/2024\\\/03\\\/DG.png\",\"contentUrl\":\"https:\\\/\\\/npf-fpn.com\\\/app\\\/uploads\\\/2024\\\/03\\\/DG.png\"},{\"@type\":\"BreadcrumbList\",\"@id\":\"https:\\\/\\\/npf-fpn.com\\\/fr\\\/news-item\\\/la-federation-de-la-police-nationale-est-fiere-dappuyer-le-programme-national-de-reintegration\\\/#breadcrumb\",\"itemListElement\":[{\"@type\":\"ListItem\",\"position\":1,\"name\":\"Accueil\",\"item\":\"https:\\\/\\\/npf-fpn.com\\\/fr\\\/\"},{\"@type\":\"ListItem\",\"position\":2,\"name\":\"La F\u00e9d\u00e9ration de la police nationale est fi\u00e8re d\u2019appuyer le Programme national de r\u00e9int\u00e9gration\"}]},{\"@type\":\"WebSite\",\"@id\":\"https:\\\/\\\/npf-fpn.com\\\/#website\",\"url\":\"https:\\\/\\\/npf-fpn.com\\\/\",\"name\":\"NPF-FPN\",\"description\":\"Providing strong, fair and progressive representation to almost 20,000 RCMP members across Canada.\",\"publisher\":{\"@id\":\"https:\\\/\\\/npf-fpn.com\\\/#organization\"},\"potentialAction\":[{\"@type\":\"SearchAction\",\"target\":{\"@type\":\"EntryPoint\",\"urlTemplate\":\"https:\\\/\\\/npf-fpn.com\\\/?s={search_term_string}\"},\"query-input\":{\"@type\":\"PropertyValueSpecification\",\"valueRequired\":true,\"valueName\":\"search_term_string\"}}],\"inLanguage\":\"fr-FR\"},{\"@type\":\"Organization\",\"@id\":\"https:\\\/\\\/npf-fpn.com\\\/#organization\",\"name\":\"NPF-FPN\",\"url\":\"https:\\\/\\\/npf-fpn.com\\\/\",\"logo\":{\"@type\":\"ImageObject\",\"inLanguage\":\"fr-FR\",\"@id\":\"https:\\\/\\\/npf-fpn.com\\\/#\\\/schema\\\/logo\\\/image\\\/\",\"url\":\"https:\\\/\\\/npf-fpn.com\\\/app\\\/uploads\\\/2022\\\/01\\\/NPF.jpg\",\"contentUrl\":\"https:\\\/\\\/npf-fpn.com\\\/app\\\/uploads\\\/2022\\\/01\\\/NPF.jpg\",\"width\":200,\"height\":200,\"caption\":\"NPF-FPN\"},\"image\":{\"@id\":\"https:\\\/\\\/npf-fpn.com\\\/#\\\/schema\\\/logo\\\/image\\\/\"}}]}<\/script>\n<!-- \/ Yoast SEO plugin. -->","yoast_head_json":{"title":"La F\u00e9d\u00e9ration de la police nationale est fi\u00e8re d\u2019appuyer le Programme national de r\u00e9int\u00e9gration - NPF-FPN","robots":{"index":"index","follow":"follow","max-snippet":"max-snippet:-1","max-image-preview":"max-image-preview:large","max-video-preview":"max-video-preview:-1"},"canonical":"https:\/\/npf-fpn.com\/fr\/news-item\/la-federation-de-la-police-nationale-est-fiere-dappuyer-le-programme-national-de-reintegration\/","og_locale":"fr_FR","og_type":"article","og_title":"La F\u00e9d\u00e9ration de la police nationale est fi\u00e8re d\u2019appuyer le Programme national de r\u00e9int\u00e9gration - NPF-FPN","og_description":"Dans le cadre de notre engagement en faveur d&#8217;initiatives de sensibilisation et de d\u00e9fense li\u00e9es \u00e0 la pr\u00e9valence et \u00e0 l&#8217;impact des atteintes \u00e0 la sant\u00e9 mentale parmi nos membres au cours de la semaine de la sant\u00e9 mentale, la [&hellip;]","og_url":"https:\/\/npf-fpn.com\/fr\/news-item\/la-federation-de-la-police-nationale-est-fiere-dappuyer-le-programme-national-de-reintegration\/","og_site_name":"NPF-FPN","article_modified_time":"2024-05-13T17:42:43+00:00","og_image":[{"url":"https:\/\/npf-fpn.com\/app\/uploads\/2024\/03\/DG.png","type":"","width":"","height":""}],"twitter_card":"summary_large_image","twitter_misc":{"Est. reading time":"2 minutes"},"schema":{"@context":"https:\/\/schema.org","@graph":[{"@type":"WebPage","@id":"https:\/\/npf-fpn.com\/fr\/news-item\/la-federation-de-la-police-nationale-est-fiere-dappuyer-le-programme-national-de-reintegration\/","url":"https:\/\/npf-fpn.com\/fr\/news-item\/la-federation-de-la-police-nationale-est-fiere-dappuyer-le-programme-national-de-reintegration\/","name":"La F\u00e9d\u00e9ration de la police nationale est fi\u00e8re d\u2019appuyer le Programme national de r\u00e9int\u00e9gration - NPF-FPN","isPartOf":{"@id":"https:\/\/npf-fpn.com\/#website"},"primaryImageOfPage":{"@id":"https:\/\/npf-fpn.com\/fr\/news-item\/la-federation-de-la-police-nationale-est-fiere-dappuyer-le-programme-national-de-reintegration\/#primaryimage"},"image":{"@id":"https:\/\/npf-fpn.com\/fr\/news-item\/la-federation-de-la-police-nationale-est-fiere-dappuyer-le-programme-national-de-reintegration\/#primaryimage"},"thumbnailUrl":"https:\/\/npf-fpn.com\/app\/uploads\/2024\/03\/DG.png","datePublished":"2024-05-08T17:40:24+00:00","dateModified":"2024-05-13T17:42:43+00:00","breadcrumb":{"@id":"https:\/\/npf-fpn.com\/fr\/news-item\/la-federation-de-la-police-nationale-est-fiere-dappuyer-le-programme-national-de-reintegration\/#breadcrumb"},"inLanguage":"fr-FR","potentialAction":[{"@type":"ReadAction","target":["https:\/\/npf-fpn.com\/fr\/news-item\/la-federation-de-la-police-nationale-est-fiere-dappuyer-le-programme-national-de-reintegration\/"]}]},{"@type":"ImageObject","inLanguage":"fr-FR","@id":"https:\/\/npf-fpn.com\/fr\/news-item\/la-federation-de-la-police-nationale-est-fiere-dappuyer-le-programme-national-de-reintegration\/#primaryimage","url":"https:\/\/npf-fpn.com\/app\/uploads\/2024\/03\/DG.png","contentUrl":"https:\/\/npf-fpn.com\/app\/uploads\/2024\/03\/DG.png"},{"@type":"BreadcrumbList","@id":"https:\/\/npf-fpn.com\/fr\/news-item\/la-federation-de-la-police-nationale-est-fiere-dappuyer-le-programme-national-de-reintegration\/#breadcrumb","itemListElement":[{"@type":"ListItem","position":1,"name":"Accueil","item":"https:\/\/npf-fpn.com\/fr\/"},{"@type":"ListItem","position":2,"name":"La F\u00e9d\u00e9ration de la police nationale est fi\u00e8re d\u2019appuyer le Programme national de r\u00e9int\u00e9gration"}]},{"@type":"WebSite","@id":"https:\/\/npf-fpn.com\/#website","url":"https:\/\/npf-fpn.com\/","name":"NPF-FPN","description":"Providing strong, fair and progressive representation to almost 20,000 RCMP members across Canada.","publisher":{"@id":"https:\/\/npf-fpn.com\/#organization"},"potentialAction":[{"@type":"SearchAction","target":{"@type":"EntryPoint","urlTemplate":"https:\/\/npf-fpn.com\/?s={search_term_string}"},"query-input":{"@type":"PropertyValueSpecification","valueRequired":true,"valueName":"search_term_string"}}],"inLanguage":"fr-FR"},{"@type":"Organization","@id":"https:\/\/npf-fpn.com\/#organization","name":"NPF-FPN","url":"https:\/\/npf-fpn.com\/","logo":{"@type":"ImageObject","inLanguage":"fr-FR","@id":"https:\/\/npf-fpn.com\/#\/schema\/logo\/image\/","url":"https:\/\/npf-fpn.com\/app\/uploads\/2022\/01\/NPF.jpg","contentUrl":"https:\/\/npf-fpn.com\/app\/uploads\/2022\/01\/NPF.jpg","width":200,"height":200,"caption":"NPF-FPN"},"image":{"@id":"https:\/\/npf-fpn.com\/#\/schema\/logo\/image\/"}}]}},"_links":{"self":[{"href":"https:\/\/npf-fpn.com\/fr\/wp-json\/wp\/v2\/news\/51461","targetHints":{"allow":["GET"]}}],"collection":[{"href":"https:\/\/npf-fpn.com\/fr\/wp-json\/wp\/v2\/news"}],"about":[{"href":"https:\/\/npf-fpn.com\/fr\/wp-json\/wp\/v2\/types\/news"}],"wp:attachment":[{"href":"https:\/\/npf-fpn.com\/fr\/wp-json\/wp\/v2\/media?parent=51461"}],"wp:term":[{"taxonomy":"news_type","embeddable":true,"href":"https:\/\/npf-fpn.com\/fr\/wp-json\/wp\/v2\/news_type?post=51461"},{"taxonomy":"audiences","embeddable":true,"href":"https:\/\/npf-fpn.com\/fr\/wp-json\/wp\/v2\/audiences?post=51461"},{"taxonomy":"news_topics","embeddable":true,"href":"https:\/\/npf-fpn.com\/fr\/wp-json\/wp\/v2\/news_topics?post=51461"}],"curies":[{"name":"wp","href":"https:\/\/api.w.org\/{rel}","templated":true}]}}