{"id":51028,"date":"2024-04-26T20:15:32","date_gmt":"2024-04-26T20:15:32","guid":{"rendered":"https:\/\/npf-fpn.com\/news-item\/npf-in-the-news-march-25-to-april-22-2024\/"},"modified":"2024-04-26T20:18:11","modified_gmt":"2024-04-26T20:18:11","slug":"npf-in-the-news-march-25-to-april-22-2024","status":"publish","type":"news","link":"https:\/\/npf-fpn.com\/fr\/news-item\/npf-in-the-news-march-25-to-april-22-2024\/","title":{"rendered":"La FPN dans les nouvelles \u2013 du 25 mars au 22 avril 2024"},"content":{"rendered":"\n<p>Vous trouverez ci-dessous une s\u00e9lection de nouvelles concernant la F\u00e9d\u00e9ration de la police nationale diffus\u00e9es du 25\u202fmars au 22\u202favril\u202f2024.<br><br><strong>Atlantique\/Centre<\/strong><br><br>Nous avons \u00e9t\u00e9 heureux de constater, sans surprise, que nos membres ont \u00e9t\u00e9 disculp\u00e9s de tout acte r\u00e9pr\u00e9hensible pour une troisi\u00e8me fois lors de la r\u00e9ouverture de l\u2019enqu\u00eate sur l\u2019incident de la caserne de pompiers d\u2019Onslow. Notre br\u00e8ve <a href=\"https:\/\/npf-fpn.us13.list-manage.com\/track\/click?u=372c3beded56c31ecbae984b5&amp;id=9e8d02e5a8&amp;e=4ccabdbcb4\" target=\"_blank\" rel=\"noreferrer noopener\">d\u00e9claration aux m\u00e9dias<\/a> a \u00e9t\u00e9 reprise par des m\u00e9dias locaux.<\/p>\n\n\n\n<ul class=\"wp-block-list\">\n<li><a href=\"https:\/\/npf-fpn.us13.list-manage.com\/track\/click?u=372c3beded56c31ecbae984b5&amp;id=b62ce5f654&amp;e=4ccabdbcb4\" target=\"_blank\" rel=\"noreferrer noopener\">CTV\u202fAtlantic<\/a> (en anglais)<\/li>\n\n\n\n<li><a href=\"https:\/\/npf-fpn.us13.list-manage.com\/track\/click?u=372c3beded56c31ecbae984b5&amp;id=af84661cc3&amp;e=4ccabdbcb4\" target=\"_blank\" rel=\"noreferrer noopener\">Chronicle\u202fHerald<\/a> (en anglais)&nbsp;<\/li>\n<\/ul>\n\n\n\n<p><br><strong>Prairies<\/strong><strong>\u202f<\/strong><strong>&nbsp;<\/strong><\/p>\n\n\n\n<p>Nous \u00e9tions heureux d\u2019<a href=\"https:\/\/npf-fpn.us13.list-manage.com\/track\/click?u=372c3beded56c31ecbae984b5&amp;id=f7ba2dab3a&amp;e=4ccabdbcb4\" target=\"_blank\" rel=\"noreferrer noopener\">annoncer<\/a> un financement suppl\u00e9mentaire du gouvernement de la Saskatchewan pour doter la GRC de la Saskatchewan d\u2019un effectif complet. Morgan\u202fBuckingham, administrateur de la r\u00e9gion des Prairies, a parl\u00e9 de cet engagement avec La\u202fPresse canadienne.&nbsp;&nbsp;<\/p>\n\n\n\n<ul class=\"wp-block-list\">\n<li><a href=\"https:\/\/npf-fpn.us13.list-manage.com\/track\/click?u=372c3beded56c31ecbae984b5&amp;id=b7253b73e6&amp;e=4ccabdbcb4\" target=\"_blank\" rel=\"noreferrer noopener\">CTV\u202fRegina<\/a> (par l\u2019entremise de La\u202fPresse canadienne) (en anglais)<\/li>\n<\/ul>\n\n\n\n<p>Nous continuons de plaider en faveur d\u2019une augmentation des ressources pour la GRC de l\u2019Alberta; Jeff\u202fMcGowan et Kevin\u202fHalwa, administrateurs de la r\u00e9gion des Prairies, ont discut\u00e9 avec le <a href=\"https:\/\/npf-fpn.us13.list-manage.com\/track\/click?u=372c3beded56c31ecbae984b5&amp;id=05c165c224&amp;e=4ccabdbcb4\" target=\"_blank\" rel=\"noreferrer noopener\">Red\u202fDeer\u202fAdvocate<\/a>&nbsp;(en anglais) au sujet du d\u00e9sir de Rocky Mountain House d\u2019ajouter deux autres membres pour renforcer la s\u00e9curit\u00e9 du public et des agents.<br><br><br><strong>Pacifique\/Nord<\/strong><br><br>En r\u00e9ponse aux accusations suspendues contre deux membres de la GRC \u00e0 Prince\u202fGeorge concernant un d\u00e9c\u00e8s en d\u00e9tention survenu en 2017, nous avons publi\u00e9 une <a href=\"https:\/\/npf-fpn.us13.list-manage.com\/track\/click?u=372c3beded56c31ecbae984b5&amp;id=175c7d1833&amp;e=4ccabdbcb4\" target=\"_blank\" rel=\"noreferrer noopener\">d\u00e9claration aux m\u00e9dias<\/a> accompagn\u00e9e d\u2019entrevues de suivi avec Chris\u202fVoller, administrateur de la r\u00e9gion du Pacifique et du Nord.<\/p>\n\n\n\n<ul class=\"wp-block-list\">\n<li><a href=\"https:\/\/npf-fpn.us13.list-manage.com\/track\/click?u=372c3beded56c31ecbae984b5&amp;id=ec4669446f&amp;e=4ccabdbcb4\" target=\"_blank\" rel=\"noreferrer noopener\">CBC<\/a> (en anglais)<\/li>\n\n\n\n<li><a href=\"https:\/\/npf-fpn.us13.list-manage.com\/track\/click?u=372c3beded56c31ecbae984b5&amp;id=6b960ccf35&amp;e=4ccabdbcb4\" target=\"_blank\" rel=\"noreferrer noopener\">CKPG\u202fToday<\/a> (en anglais)<\/li>\n\n\n\n<li><a href=\"https:\/\/npf-fpn.us13.list-manage.com\/track\/click?u=372c3beded56c31ecbae984b5&amp;id=cc8e575751&amp;e=4ccabdbcb4\" target=\"_blank\" rel=\"noreferrer noopener\">Global News<\/a> (en anglais)&nbsp;<\/li>\n<\/ul>\n\n\n\n<p><br>Pour rem\u00e9dier \u00e0 l\u2019ambigu\u00eft\u00e9 qui persiste dans la transition des services de police de Surrey, nous avons publi\u00e9 une <a href=\"https:\/\/npf-fpn.us13.list-manage.com\/track\/click?u=372c3beded56c31ecbae984b5&amp;id=585f8ac33f&amp;e=4ccabdbcb4\" target=\"_blank\" rel=\"noreferrer noopener\">d\u00e9claration aux m\u00e9dias<\/a> dans laquelle nous r\u00e9clamons de la transparence au sujet des co\u00fbts ainsi qu\u2019une date de fin claire.<\/p>\n\n\n\n<ul class=\"wp-block-list\">\n<li><a href=\"https:\/\/npf-fpn.us13.list-manage.com\/track\/click?u=372c3beded56c31ecbae984b5&amp;id=95ca05bb7b&amp;e=4ccabdbcb4\" target=\"_blank\" rel=\"noreferrer noopener\">Vancouver\u202fSun<\/a> (en anglais)<\/li>\n<\/ul>\n\n\n\n<p><br>Plusieurs semaines plus tard, <a href=\"https:\/\/npf-fpn.us13.list-manage.com\/track\/click?u=372c3beded56c31ecbae984b5&amp;id=cf9d181e6a&amp;e=4ccabdbcb4\" target=\"_blank\" rel=\"noreferrer noopener\">nous avons r\u00e9pondu<\/a> \u00e0 des commentaires inexacts et trompeurs du ministre de la S\u00e9curit\u00e9 publique et solliciteur g\u00e9n\u00e9ral concernant la transition. Brian\u202fSauv\u00e9, pr\u00e9sident de la FPN, et Trevor\u202fDinwoodie, administrateur de la r\u00e9gion du Pacifique et du Nord, ont discut\u00e9 de nos pr\u00e9occupations avec de nombreux m\u00e9dias.<br>&nbsp;<\/p>\n\n\n\n<ul class=\"wp-block-list\">\n<li><a href=\"https:\/\/npf-fpn.us13.list-manage.com\/track\/click?u=372c3beded56c31ecbae984b5&amp;id=b3cfeb8bf7&amp;e=4ccabdbcb4\" target=\"_blank\" rel=\"noreferrer noopener\">CBC On the Coast<\/a> (en anglais)<\/li>\n\n\n\n<li><a href=\"https:\/\/npf-fpn.us13.list-manage.com\/track\/click?u=372c3beded56c31ecbae984b5&amp;id=21964d04f5&amp;e=4ccabdbcb4\" target=\"_blank\" rel=\"noreferrer noopener\">Jill Bennett Show<\/a> (en anglais)<\/li>\n\n\n\n<li><a href=\"https:\/\/npf-fpn.us13.list-manage.com\/track\/click?u=372c3beded56c31ecbae984b5&amp;id=dc2e894fa3&amp;e=4ccabdbcb4\" target=\"_blank\" rel=\"noreferrer noopener\">CTV Vancouver<\/a> (en anglais)<\/li>\n\n\n\n<li><a href=\"https:\/\/npf-fpn.us13.list-manage.com\/track\/click?u=372c3beded56c31ecbae984b5&amp;id=1625a3db8e&amp;e=4ccabdbcb4\" target=\"_blank\" rel=\"noreferrer noopener\">Vancouver\u202fSun<\/a> (en anglais)<\/li>\n\n\n\n<li><a href=\"https:\/\/npf-fpn.us13.list-manage.com\/track\/click?u=372c3beded56c31ecbae984b5&amp;id=1b5cfb5607&amp;e=4ccabdbcb4\" target=\"_blank\" rel=\"noreferrer noopener\">Surrey NowLeader<\/a> (en anglais)<\/li>\n\n\n\n<li><a href=\"https:\/\/npf-fpn.us13.list-manage.com\/track\/click?u=372c3beded56c31ecbae984b5&amp;id=0c67e1086d&amp;e=4ccabdbcb4\" target=\"_blank\" rel=\"noreferrer noopener\">City News Vancouver<\/a> (en anglais)<\/li>\n\n\n\n<li><a href=\"https:\/\/npf-fpn.us13.list-manage.com\/track\/click?u=372c3beded56c31ecbae984b5&amp;id=9e842f6918&amp;e=4ccabdbcb4\" target=\"_blank\" rel=\"noreferrer noopener\">Surrey NowLeader<\/a> (en anglais)\u00a0<\/li>\n\n\n\n<li><\/li>\n<\/ul>\n\n\n\n<p>Sinc\u00e8res salutations, <\/p>\n\n\n\n<figure class=\"wp-block-image size-full is-resized\"><img decoding=\"async\" width=\"279\" height=\"131\" src=\"https:\/\/npf-fpn.com\/app\/uploads\/2024\/03\/DG.png\" alt=\"\" class=\"wp-image-49479\" style=\"width:298px;height:auto\"\/><\/figure>\n","protected":false},"excerpt":{"rendered":"<p>Vous trouverez ci-dessous une s\u00e9lection de nouvelles concernant la F\u00e9d\u00e9ration de la police nationale diffus\u00e9es du 25\u202fmars au 22\u202favril\u202f2024. Atlantique\/Centre Nous avons \u00e9t\u00e9 heureux de constater, sans surprise, que nos membres ont \u00e9t\u00e9 disculp\u00e9s de tout acte r\u00e9pr\u00e9hensible pour une [&hellip;]<\/p>\n","protected":false},"featured_media":0,"template":"","news_type":[44],"audiences":[79],"news_topics":[],"class_list":["post-51028","news","type-news","status-publish","hentry","news_type-member-updates-fr","audiences-npf-members-fr"],"acf":[],"yoast_head":"<!-- This site is optimized with the Yoast SEO plugin v27.4 - https:\/\/yoast.com\/product\/yoast-seo-wordpress\/ -->\n<title>La FPN dans les nouvelles \u2013 du 25 mars au 22 avril 2024 - NPF-FPN<\/title>\n<meta name=\"robots\" content=\"index, follow, max-snippet:-1, max-image-preview:large, max-video-preview:-1\" \/>\n<link rel=\"canonical\" href=\"https:\/\/npf-fpn.com\/fr\/news-item\/npf-in-the-news-march-25-to-april-22-2024\/\" \/>\n<meta property=\"og:locale\" content=\"fr_FR\" \/>\n<meta property=\"og:type\" content=\"article\" \/>\n<meta property=\"og:title\" content=\"La FPN dans les nouvelles \u2013 du 25 mars au 22 avril 2024 - NPF-FPN\" \/>\n<meta property=\"og:description\" content=\"Vous trouverez ci-dessous une s\u00e9lection de nouvelles concernant la F\u00e9d\u00e9ration de la police nationale diffus\u00e9es du 25\u202fmars au 22\u202favril\u202f2024. Atlantique\/Centre Nous avons \u00e9t\u00e9 heureux de constater, sans surprise, que nos membres ont \u00e9t\u00e9 disculp\u00e9s de tout acte r\u00e9pr\u00e9hensible pour une [&hellip;]\" \/>\n<meta property=\"og:url\" content=\"https:\/\/npf-fpn.com\/fr\/news-item\/npf-in-the-news-march-25-to-april-22-2024\/\" \/>\n<meta property=\"og:site_name\" content=\"NPF-FPN\" \/>\n<meta property=\"article:modified_time\" content=\"2024-04-26T20:18:11+00:00\" \/>\n<meta property=\"og:image\" content=\"https:\/\/npf-fpn.com\/app\/uploads\/2024\/03\/DG.png\" \/>\n<meta name=\"twitter:card\" content=\"summary_large_image\" \/>\n<meta name=\"twitter:label1\" content=\"Est. reading time\" \/>\n\t<meta name=\"twitter:data1\" content=\"2 minutes\" \/>\n<script type=\"application\/ld+json\" class=\"yoast-schema-graph\">{\"@context\":\"https:\\\/\\\/schema.org\",\"@graph\":[{\"@type\":\"WebPage\",\"@id\":\"https:\\\/\\\/npf-fpn.com\\\/fr\\\/news-item\\\/npf-in-the-news-march-25-to-april-22-2024\\\/\",\"url\":\"https:\\\/\\\/npf-fpn.com\\\/fr\\\/news-item\\\/npf-in-the-news-march-25-to-april-22-2024\\\/\",\"name\":\"La FPN dans les nouvelles \u2013 du 25 mars au 22 avril 2024 - NPF-FPN\",\"isPartOf\":{\"@id\":\"https:\\\/\\\/npf-fpn.com\\\/#website\"},\"primaryImageOfPage\":{\"@id\":\"https:\\\/\\\/npf-fpn.com\\\/fr\\\/news-item\\\/npf-in-the-news-march-25-to-april-22-2024\\\/#primaryimage\"},\"image\":{\"@id\":\"https:\\\/\\\/npf-fpn.com\\\/fr\\\/news-item\\\/npf-in-the-news-march-25-to-april-22-2024\\\/#primaryimage\"},\"thumbnailUrl\":\"https:\\\/\\\/npf-fpn.com\\\/app\\\/uploads\\\/2024\\\/03\\\/DG.png\",\"datePublished\":\"2024-04-26T20:15:32+00:00\",\"dateModified\":\"2024-04-26T20:18:11+00:00\",\"breadcrumb\":{\"@id\":\"https:\\\/\\\/npf-fpn.com\\\/fr\\\/news-item\\\/npf-in-the-news-march-25-to-april-22-2024\\\/#breadcrumb\"},\"inLanguage\":\"fr-FR\",\"potentialAction\":[{\"@type\":\"ReadAction\",\"target\":[\"https:\\\/\\\/npf-fpn.com\\\/fr\\\/news-item\\\/npf-in-the-news-march-25-to-april-22-2024\\\/\"]}]},{\"@type\":\"ImageObject\",\"inLanguage\":\"fr-FR\",\"@id\":\"https:\\\/\\\/npf-fpn.com\\\/fr\\\/news-item\\\/npf-in-the-news-march-25-to-april-22-2024\\\/#primaryimage\",\"url\":\"https:\\\/\\\/npf-fpn.com\\\/app\\\/uploads\\\/2024\\\/03\\\/DG.png\",\"contentUrl\":\"https:\\\/\\\/npf-fpn.com\\\/app\\\/uploads\\\/2024\\\/03\\\/DG.png\"},{\"@type\":\"BreadcrumbList\",\"@id\":\"https:\\\/\\\/npf-fpn.com\\\/fr\\\/news-item\\\/npf-in-the-news-march-25-to-april-22-2024\\\/#breadcrumb\",\"itemListElement\":[{\"@type\":\"ListItem\",\"position\":1,\"name\":\"Accueil\",\"item\":\"https:\\\/\\\/npf-fpn.com\\\/fr\\\/\"},{\"@type\":\"ListItem\",\"position\":2,\"name\":\"La FPN dans les nouvelles \u2013 du 25 mars au 22 avril 2024\"}]},{\"@type\":\"WebSite\",\"@id\":\"https:\\\/\\\/npf-fpn.com\\\/#website\",\"url\":\"https:\\\/\\\/npf-fpn.com\\\/\",\"name\":\"NPF-FPN\",\"description\":\"Providing strong, fair and progressive representation to almost 20,000 RCMP members across Canada.\",\"publisher\":{\"@id\":\"https:\\\/\\\/npf-fpn.com\\\/#organization\"},\"potentialAction\":[{\"@type\":\"SearchAction\",\"target\":{\"@type\":\"EntryPoint\",\"urlTemplate\":\"https:\\\/\\\/npf-fpn.com\\\/?s={search_term_string}\"},\"query-input\":{\"@type\":\"PropertyValueSpecification\",\"valueRequired\":true,\"valueName\":\"search_term_string\"}}],\"inLanguage\":\"fr-FR\"},{\"@type\":\"Organization\",\"@id\":\"https:\\\/\\\/npf-fpn.com\\\/#organization\",\"name\":\"NPF-FPN\",\"url\":\"https:\\\/\\\/npf-fpn.com\\\/\",\"logo\":{\"@type\":\"ImageObject\",\"inLanguage\":\"fr-FR\",\"@id\":\"https:\\\/\\\/npf-fpn.com\\\/#\\\/schema\\\/logo\\\/image\\\/\",\"url\":\"https:\\\/\\\/npf-fpn.com\\\/app\\\/uploads\\\/2022\\\/01\\\/NPF.jpg\",\"contentUrl\":\"https:\\\/\\\/npf-fpn.com\\\/app\\\/uploads\\\/2022\\\/01\\\/NPF.jpg\",\"width\":200,\"height\":200,\"caption\":\"NPF-FPN\"},\"image\":{\"@id\":\"https:\\\/\\\/npf-fpn.com\\\/#\\\/schema\\\/logo\\\/image\\\/\"}}]}<\/script>\n<!-- \/ Yoast SEO plugin. -->","yoast_head_json":{"title":"La FPN dans les nouvelles \u2013 du 25 mars au 22 avril 2024 - NPF-FPN","robots":{"index":"index","follow":"follow","max-snippet":"max-snippet:-1","max-image-preview":"max-image-preview:large","max-video-preview":"max-video-preview:-1"},"canonical":"https:\/\/npf-fpn.com\/fr\/news-item\/npf-in-the-news-march-25-to-april-22-2024\/","og_locale":"fr_FR","og_type":"article","og_title":"La FPN dans les nouvelles \u2013 du 25 mars au 22 avril 2024 - NPF-FPN","og_description":"Vous trouverez ci-dessous une s\u00e9lection de nouvelles concernant la F\u00e9d\u00e9ration de la police nationale diffus\u00e9es du 25\u202fmars au 22\u202favril\u202f2024. Atlantique\/Centre Nous avons \u00e9t\u00e9 heureux de constater, sans surprise, que nos membres ont \u00e9t\u00e9 disculp\u00e9s de tout acte r\u00e9pr\u00e9hensible pour une [&hellip;]","og_url":"https:\/\/npf-fpn.com\/fr\/news-item\/npf-in-the-news-march-25-to-april-22-2024\/","og_site_name":"NPF-FPN","article_modified_time":"2024-04-26T20:18:11+00:00","og_image":[{"url":"https:\/\/npf-fpn.com\/app\/uploads\/2024\/03\/DG.png","type":"","width":"","height":""}],"twitter_card":"summary_large_image","twitter_misc":{"Est. reading time":"2 minutes"},"schema":{"@context":"https:\/\/schema.org","@graph":[{"@type":"WebPage","@id":"https:\/\/npf-fpn.com\/fr\/news-item\/npf-in-the-news-march-25-to-april-22-2024\/","url":"https:\/\/npf-fpn.com\/fr\/news-item\/npf-in-the-news-march-25-to-april-22-2024\/","name":"La FPN dans les nouvelles \u2013 du 25 mars au 22 avril 2024 - NPF-FPN","isPartOf":{"@id":"https:\/\/npf-fpn.com\/#website"},"primaryImageOfPage":{"@id":"https:\/\/npf-fpn.com\/fr\/news-item\/npf-in-the-news-march-25-to-april-22-2024\/#primaryimage"},"image":{"@id":"https:\/\/npf-fpn.com\/fr\/news-item\/npf-in-the-news-march-25-to-april-22-2024\/#primaryimage"},"thumbnailUrl":"https:\/\/npf-fpn.com\/app\/uploads\/2024\/03\/DG.png","datePublished":"2024-04-26T20:15:32+00:00","dateModified":"2024-04-26T20:18:11+00:00","breadcrumb":{"@id":"https:\/\/npf-fpn.com\/fr\/news-item\/npf-in-the-news-march-25-to-april-22-2024\/#breadcrumb"},"inLanguage":"fr-FR","potentialAction":[{"@type":"ReadAction","target":["https:\/\/npf-fpn.com\/fr\/news-item\/npf-in-the-news-march-25-to-april-22-2024\/"]}]},{"@type":"ImageObject","inLanguage":"fr-FR","@id":"https:\/\/npf-fpn.com\/fr\/news-item\/npf-in-the-news-march-25-to-april-22-2024\/#primaryimage","url":"https:\/\/npf-fpn.com\/app\/uploads\/2024\/03\/DG.png","contentUrl":"https:\/\/npf-fpn.com\/app\/uploads\/2024\/03\/DG.png"},{"@type":"BreadcrumbList","@id":"https:\/\/npf-fpn.com\/fr\/news-item\/npf-in-the-news-march-25-to-april-22-2024\/#breadcrumb","itemListElement":[{"@type":"ListItem","position":1,"name":"Accueil","item":"https:\/\/npf-fpn.com\/fr\/"},{"@type":"ListItem","position":2,"name":"La FPN dans les nouvelles \u2013 du 25 mars au 22 avril 2024"}]},{"@type":"WebSite","@id":"https:\/\/npf-fpn.com\/#website","url":"https:\/\/npf-fpn.com\/","name":"NPF-FPN","description":"Providing strong, fair and progressive representation to almost 20,000 RCMP members across Canada.","publisher":{"@id":"https:\/\/npf-fpn.com\/#organization"},"potentialAction":[{"@type":"SearchAction","target":{"@type":"EntryPoint","urlTemplate":"https:\/\/npf-fpn.com\/?s={search_term_string}"},"query-input":{"@type":"PropertyValueSpecification","valueRequired":true,"valueName":"search_term_string"}}],"inLanguage":"fr-FR"},{"@type":"Organization","@id":"https:\/\/npf-fpn.com\/#organization","name":"NPF-FPN","url":"https:\/\/npf-fpn.com\/","logo":{"@type":"ImageObject","inLanguage":"fr-FR","@id":"https:\/\/npf-fpn.com\/#\/schema\/logo\/image\/","url":"https:\/\/npf-fpn.com\/app\/uploads\/2022\/01\/NPF.jpg","contentUrl":"https:\/\/npf-fpn.com\/app\/uploads\/2022\/01\/NPF.jpg","width":200,"height":200,"caption":"NPF-FPN"},"image":{"@id":"https:\/\/npf-fpn.com\/#\/schema\/logo\/image\/"}}]}},"_links":{"self":[{"href":"https:\/\/npf-fpn.com\/fr\/wp-json\/wp\/v2\/news\/51028","targetHints":{"allow":["GET"]}}],"collection":[{"href":"https:\/\/npf-fpn.com\/fr\/wp-json\/wp\/v2\/news"}],"about":[{"href":"https:\/\/npf-fpn.com\/fr\/wp-json\/wp\/v2\/types\/news"}],"wp:attachment":[{"href":"https:\/\/npf-fpn.com\/fr\/wp-json\/wp\/v2\/media?parent=51028"}],"wp:term":[{"taxonomy":"news_type","embeddable":true,"href":"https:\/\/npf-fpn.com\/fr\/wp-json\/wp\/v2\/news_type?post=51028"},{"taxonomy":"audiences","embeddable":true,"href":"https:\/\/npf-fpn.com\/fr\/wp-json\/wp\/v2\/audiences?post=51028"},{"taxonomy":"news_topics","embeddable":true,"href":"https:\/\/npf-fpn.com\/fr\/wp-json\/wp\/v2\/news_topics?post=51028"}],"curies":[{"name":"wp","href":"https:\/\/api.w.org\/{rel}","templated":true}]}}