{"id":49978,"date":"2024-03-28T11:22:41","date_gmt":"2024-03-28T11:22:41","guid":{"rendered":"https:\/\/npf-fpn.com\/?post_type=news&#038;p=49978"},"modified":"2024-04-06T16:42:47","modified_gmt":"2024-04-06T16:42:47","slug":"le-point-sur-les-negociations-collectives-mars-2024","status":"publish","type":"news","link":"https:\/\/npf-fpn.com\/fr\/news-item\/le-point-sur-les-negociations-collectives-mars-2024\/","title":{"rendered":"Le point sur les n\u00e9gociations collectives &#8211; mars 2024"},"content":{"rendered":"\n<p>Comme indiqu\u00e9 dans notre mise \u00e0 jour du <a href=\"https:\/\/npf-fpn.us13.list-manage.com\/track\/click?u=372c3beded56c31ecbae984b5&amp;id=36545c536a&amp;e=34a62598f3\" target=\"_blank\" rel=\"noreferrer noopener\">14 f\u00e9vrier<\/a>, la date d&#8217;arbitrage de la FPN \u00e9tait pr\u00e9vue pour le 13 mai. Nous sommes heureux d&#8217;annoncer que le m\u00e9diateur, la FPN et le Conseil du Tr\u00e9sor ont obtenu une date plus rapproch\u00e9e pour l&#8217;audition de cette cause L&#8217;arbitrage est maintenant pr\u00e9vu pour le 5 avril 2024.<br><br>Une fois que l&#8217;arbitre a entendu l&#8217;affaire, aucune des parties ne contr\u00f4le le temps qu&#8217;il faudra pour que la d\u00e9cision soit rendue, mais une fois rendue, cette d\u00e9cision est contraignante \u00e0 la fois pour la FPN et pour le Conseil du Tr\u00e9sor.<br><br>La d\u00e9cision de recourir \u00e0 la m\u00e9diation et finalement \u00e0 l&#8217;arbitrage n&#8217;est jamais prise \u00e0 la l\u00e9g\u00e8re, car les membres ne peuvent ni voter ni ratifier le contrat qui en r\u00e9sulte. Cependant, comme indiqu\u00e9 tout au long du processus de n\u00e9gociation, l&#8217;objectif constant de la FPN a \u00e9t\u00e9 de n\u00e9gocier le meilleur accord possible pour ses membres et, dans le cas pr\u00e9sent, cela implique le recours \u00e0 l&#8217;arbitrage.\u00a0Enfin, si les parties ne parviennent pas \u00e0 n\u00e9gocier un contrat, un m\u00e9diateur\/arbitre ind\u00e9pendant est d\u00e9sign\u00e9 pour reproduire l&#8217;accord qui aurait \u00e9t\u00e9 n\u00e9goci\u00e9 &#8211; en tenant compte de l&#8217;univers comparable.<br><br>Nous souhaitons rappeler aux membres que les policiers au Canada n&#8217;ont pas le droit de gr\u00e8ve et qu&#8217;ils ne disposent que d&#8217;un nombre limit\u00e9 d&#8217;actions professionnelles lors de la n\u00e9gociation de conventions collectives. Comme vous l&#8217;avez peut-\u00eatre constat\u00e9, de nombreuses n\u00e9gociations contractuelles dans le secteur de la police ont abouti \u00e0 des d\u00e9cisions arbitrales, dont les plus r\u00e9centes sont, par exemple, celles de la PPO (Police provinciale de l\u2019Ontario) de Vancouver en 2019, d&#8217;Ottawa en 2021 et d&#8217;Edmonton en 2023.<br><br>L&#8217;\u00e9quipe de la FPN est pr\u00e9par\u00e9e et attend avec impatience l&#8217;occasion de faire valoir ses arguments devant l\u2019arbitre. Nous vous tiendrons au courant d\u00e8s que nous en saurons plus.<\/p>\n\n\n\n<figure class=\"wp-block-image size-large is-resized\"><img decoding=\"async\" width=\"1024\" height=\"240\" src=\"https:\/\/npf-fpn.com\/app\/uploads\/2024\/04\/Screenshot-2024-04-02-072200-1024x240.png\" alt=\"\" class=\"wp-image-49979\" style=\"width:411px;height:auto\" srcset=\"https:\/\/npf-fpn.com\/app\/uploads\/2024\/04\/Screenshot-2024-04-02-072200-1024x240.png 1024w, https:\/\/npf-fpn.com\/app\/uploads\/2024\/04\/Screenshot-2024-04-02-072200-300x70.png 300w, https:\/\/npf-fpn.com\/app\/uploads\/2024\/04\/Screenshot-2024-04-02-072200-768x180.png 768w, https:\/\/npf-fpn.com\/app\/uploads\/2024\/04\/Screenshot-2024-04-02-072200-390x91.png 390w, https:\/\/npf-fpn.com\/app\/uploads\/2024\/04\/Screenshot-2024-04-02-072200-600x141.png 600w, https:\/\/npf-fpn.com\/app\/uploads\/2024\/04\/Screenshot-2024-04-02-072200.png 1349w\" sizes=\"(max-width: 1024px) 100vw, 1024px\" \/><\/figure>\n","protected":false},"excerpt":{"rendered":"<p>Comme indiqu\u00e9 dans notre mise \u00e0 jour du 14 f\u00e9vrier, la date d&#8217;arbitrage de la FPN \u00e9tait pr\u00e9vue pour le 13 mai. Nous sommes heureux d&#8217;annoncer que le m\u00e9diateur, la FPN et le Conseil du Tr\u00e9sor ont obtenu une date [&hellip;]<\/p>\n","protected":false},"featured_media":0,"template":"","news_type":[44],"audiences":[],"news_topics":[],"class_list":["post-49978","news","type-news","status-publish","hentry","news_type-member-updates-fr"],"acf":[],"yoast_head":"<!-- This site is optimized with the Yoast SEO plugin v27.4 - https:\/\/yoast.com\/product\/yoast-seo-wordpress\/ -->\n<title>Le point sur les n\u00e9gociations collectives - mars 2024 - NPF-FPN<\/title>\n<meta name=\"robots\" content=\"index, follow, max-snippet:-1, max-image-preview:large, max-video-preview:-1\" \/>\n<link rel=\"canonical\" href=\"https:\/\/npf-fpn.com\/fr\/news-item\/le-point-sur-les-negociations-collectives-mars-2024\/\" \/>\n<meta property=\"og:locale\" content=\"fr_FR\" \/>\n<meta property=\"og:type\" content=\"article\" \/>\n<meta property=\"og:title\" content=\"Le point sur les n\u00e9gociations collectives - mars 2024 - NPF-FPN\" \/>\n<meta property=\"og:description\" content=\"Comme indiqu\u00e9 dans notre mise \u00e0 jour du 14 f\u00e9vrier, la date d&#8217;arbitrage de la FPN \u00e9tait pr\u00e9vue pour le 13 mai. Nous sommes heureux d&#8217;annoncer que le m\u00e9diateur, la FPN et le Conseil du Tr\u00e9sor ont obtenu une date [&hellip;]\" \/>\n<meta property=\"og:url\" content=\"https:\/\/npf-fpn.com\/fr\/news-item\/le-point-sur-les-negociations-collectives-mars-2024\/\" \/>\n<meta property=\"og:site_name\" content=\"NPF-FPN\" \/>\n<meta property=\"article:modified_time\" content=\"2024-04-06T16:42:47+00:00\" \/>\n<meta property=\"og:image\" content=\"https:\/\/npf-fpn.com\/app\/uploads\/2024\/04\/Screenshot-2024-04-02-072200-1024x240.png\" \/>\n<meta name=\"twitter:card\" content=\"summary_large_image\" \/>\n<meta name=\"twitter:label1\" content=\"Est. reading time\" \/>\n\t<meta name=\"twitter:data1\" content=\"2 minutes\" \/>\n<script type=\"application\/ld+json\" class=\"yoast-schema-graph\">{\"@context\":\"https:\\\/\\\/schema.org\",\"@graph\":[{\"@type\":\"WebPage\",\"@id\":\"https:\\\/\\\/npf-fpn.com\\\/fr\\\/news-item\\\/le-point-sur-les-negociations-collectives-mars-2024\\\/\",\"url\":\"https:\\\/\\\/npf-fpn.com\\\/fr\\\/news-item\\\/le-point-sur-les-negociations-collectives-mars-2024\\\/\",\"name\":\"Le point sur les n\u00e9gociations collectives - mars 2024 - NPF-FPN\",\"isPartOf\":{\"@id\":\"https:\\\/\\\/npf-fpn.com\\\/#website\"},\"primaryImageOfPage\":{\"@id\":\"https:\\\/\\\/npf-fpn.com\\\/fr\\\/news-item\\\/le-point-sur-les-negociations-collectives-mars-2024\\\/#primaryimage\"},\"image\":{\"@id\":\"https:\\\/\\\/npf-fpn.com\\\/fr\\\/news-item\\\/le-point-sur-les-negociations-collectives-mars-2024\\\/#primaryimage\"},\"thumbnailUrl\":\"https:\\\/\\\/npf-fpn.com\\\/app\\\/uploads\\\/2024\\\/04\\\/Screenshot-2024-04-02-072200-1024x240.png\",\"datePublished\":\"2024-03-28T11:22:41+00:00\",\"dateModified\":\"2024-04-06T16:42:47+00:00\",\"breadcrumb\":{\"@id\":\"https:\\\/\\\/npf-fpn.com\\\/fr\\\/news-item\\\/le-point-sur-les-negociations-collectives-mars-2024\\\/#breadcrumb\"},\"inLanguage\":\"fr-FR\",\"potentialAction\":[{\"@type\":\"ReadAction\",\"target\":[\"https:\\\/\\\/npf-fpn.com\\\/fr\\\/news-item\\\/le-point-sur-les-negociations-collectives-mars-2024\\\/\"]}]},{\"@type\":\"ImageObject\",\"inLanguage\":\"fr-FR\",\"@id\":\"https:\\\/\\\/npf-fpn.com\\\/fr\\\/news-item\\\/le-point-sur-les-negociations-collectives-mars-2024\\\/#primaryimage\",\"url\":\"https:\\\/\\\/npf-fpn.com\\\/app\\\/uploads\\\/2024\\\/04\\\/Screenshot-2024-04-02-072200-1024x240.png\",\"contentUrl\":\"https:\\\/\\\/npf-fpn.com\\\/app\\\/uploads\\\/2024\\\/04\\\/Screenshot-2024-04-02-072200-1024x240.png\"},{\"@type\":\"BreadcrumbList\",\"@id\":\"https:\\\/\\\/npf-fpn.com\\\/fr\\\/news-item\\\/le-point-sur-les-negociations-collectives-mars-2024\\\/#breadcrumb\",\"itemListElement\":[{\"@type\":\"ListItem\",\"position\":1,\"name\":\"Accueil\",\"item\":\"https:\\\/\\\/npf-fpn.com\\\/fr\\\/\"},{\"@type\":\"ListItem\",\"position\":2,\"name\":\"Le point sur les n\u00e9gociations collectives &#8211; mars 2024\"}]},{\"@type\":\"WebSite\",\"@id\":\"https:\\\/\\\/npf-fpn.com\\\/#website\",\"url\":\"https:\\\/\\\/npf-fpn.com\\\/\",\"name\":\"NPF-FPN\",\"description\":\"Providing strong, fair and progressive representation to almost 20,000 RCMP members across Canada.\",\"publisher\":{\"@id\":\"https:\\\/\\\/npf-fpn.com\\\/#organization\"},\"potentialAction\":[{\"@type\":\"SearchAction\",\"target\":{\"@type\":\"EntryPoint\",\"urlTemplate\":\"https:\\\/\\\/npf-fpn.com\\\/?s={search_term_string}\"},\"query-input\":{\"@type\":\"PropertyValueSpecification\",\"valueRequired\":true,\"valueName\":\"search_term_string\"}}],\"inLanguage\":\"fr-FR\"},{\"@type\":\"Organization\",\"@id\":\"https:\\\/\\\/npf-fpn.com\\\/#organization\",\"name\":\"NPF-FPN\",\"url\":\"https:\\\/\\\/npf-fpn.com\\\/\",\"logo\":{\"@type\":\"ImageObject\",\"inLanguage\":\"fr-FR\",\"@id\":\"https:\\\/\\\/npf-fpn.com\\\/#\\\/schema\\\/logo\\\/image\\\/\",\"url\":\"https:\\\/\\\/npf-fpn.com\\\/app\\\/uploads\\\/2022\\\/01\\\/NPF.jpg\",\"contentUrl\":\"https:\\\/\\\/npf-fpn.com\\\/app\\\/uploads\\\/2022\\\/01\\\/NPF.jpg\",\"width\":200,\"height\":200,\"caption\":\"NPF-FPN\"},\"image\":{\"@id\":\"https:\\\/\\\/npf-fpn.com\\\/#\\\/schema\\\/logo\\\/image\\\/\"}}]}<\/script>\n<!-- \/ Yoast SEO plugin. -->","yoast_head_json":{"title":"Le point sur les n\u00e9gociations collectives - mars 2024 - NPF-FPN","robots":{"index":"index","follow":"follow","max-snippet":"max-snippet:-1","max-image-preview":"max-image-preview:large","max-video-preview":"max-video-preview:-1"},"canonical":"https:\/\/npf-fpn.com\/fr\/news-item\/le-point-sur-les-negociations-collectives-mars-2024\/","og_locale":"fr_FR","og_type":"article","og_title":"Le point sur les n\u00e9gociations collectives - mars 2024 - NPF-FPN","og_description":"Comme indiqu\u00e9 dans notre mise \u00e0 jour du 14 f\u00e9vrier, la date d&#8217;arbitrage de la FPN \u00e9tait pr\u00e9vue pour le 13 mai. Nous sommes heureux d&#8217;annoncer que le m\u00e9diateur, la FPN et le Conseil du Tr\u00e9sor ont obtenu une date [&hellip;]","og_url":"https:\/\/npf-fpn.com\/fr\/news-item\/le-point-sur-les-negociations-collectives-mars-2024\/","og_site_name":"NPF-FPN","article_modified_time":"2024-04-06T16:42:47+00:00","og_image":[{"url":"https:\/\/npf-fpn.com\/app\/uploads\/2024\/04\/Screenshot-2024-04-02-072200-1024x240.png","type":"","width":"","height":""}],"twitter_card":"summary_large_image","twitter_misc":{"Est. reading time":"2 minutes"},"schema":{"@context":"https:\/\/schema.org","@graph":[{"@type":"WebPage","@id":"https:\/\/npf-fpn.com\/fr\/news-item\/le-point-sur-les-negociations-collectives-mars-2024\/","url":"https:\/\/npf-fpn.com\/fr\/news-item\/le-point-sur-les-negociations-collectives-mars-2024\/","name":"Le point sur les n\u00e9gociations collectives - mars 2024 - NPF-FPN","isPartOf":{"@id":"https:\/\/npf-fpn.com\/#website"},"primaryImageOfPage":{"@id":"https:\/\/npf-fpn.com\/fr\/news-item\/le-point-sur-les-negociations-collectives-mars-2024\/#primaryimage"},"image":{"@id":"https:\/\/npf-fpn.com\/fr\/news-item\/le-point-sur-les-negociations-collectives-mars-2024\/#primaryimage"},"thumbnailUrl":"https:\/\/npf-fpn.com\/app\/uploads\/2024\/04\/Screenshot-2024-04-02-072200-1024x240.png","datePublished":"2024-03-28T11:22:41+00:00","dateModified":"2024-04-06T16:42:47+00:00","breadcrumb":{"@id":"https:\/\/npf-fpn.com\/fr\/news-item\/le-point-sur-les-negociations-collectives-mars-2024\/#breadcrumb"},"inLanguage":"fr-FR","potentialAction":[{"@type":"ReadAction","target":["https:\/\/npf-fpn.com\/fr\/news-item\/le-point-sur-les-negociations-collectives-mars-2024\/"]}]},{"@type":"ImageObject","inLanguage":"fr-FR","@id":"https:\/\/npf-fpn.com\/fr\/news-item\/le-point-sur-les-negociations-collectives-mars-2024\/#primaryimage","url":"https:\/\/npf-fpn.com\/app\/uploads\/2024\/04\/Screenshot-2024-04-02-072200-1024x240.png","contentUrl":"https:\/\/npf-fpn.com\/app\/uploads\/2024\/04\/Screenshot-2024-04-02-072200-1024x240.png"},{"@type":"BreadcrumbList","@id":"https:\/\/npf-fpn.com\/fr\/news-item\/le-point-sur-les-negociations-collectives-mars-2024\/#breadcrumb","itemListElement":[{"@type":"ListItem","position":1,"name":"Accueil","item":"https:\/\/npf-fpn.com\/fr\/"},{"@type":"ListItem","position":2,"name":"Le point sur les n\u00e9gociations collectives &#8211; mars 2024"}]},{"@type":"WebSite","@id":"https:\/\/npf-fpn.com\/#website","url":"https:\/\/npf-fpn.com\/","name":"NPF-FPN","description":"Providing strong, fair and progressive representation to almost 20,000 RCMP members across Canada.","publisher":{"@id":"https:\/\/npf-fpn.com\/#organization"},"potentialAction":[{"@type":"SearchAction","target":{"@type":"EntryPoint","urlTemplate":"https:\/\/npf-fpn.com\/?s={search_term_string}"},"query-input":{"@type":"PropertyValueSpecification","valueRequired":true,"valueName":"search_term_string"}}],"inLanguage":"fr-FR"},{"@type":"Organization","@id":"https:\/\/npf-fpn.com\/#organization","name":"NPF-FPN","url":"https:\/\/npf-fpn.com\/","logo":{"@type":"ImageObject","inLanguage":"fr-FR","@id":"https:\/\/npf-fpn.com\/#\/schema\/logo\/image\/","url":"https:\/\/npf-fpn.com\/app\/uploads\/2022\/01\/NPF.jpg","contentUrl":"https:\/\/npf-fpn.com\/app\/uploads\/2022\/01\/NPF.jpg","width":200,"height":200,"caption":"NPF-FPN"},"image":{"@id":"https:\/\/npf-fpn.com\/#\/schema\/logo\/image\/"}}]}},"_links":{"self":[{"href":"https:\/\/npf-fpn.com\/fr\/wp-json\/wp\/v2\/news\/49978","targetHints":{"allow":["GET"]}}],"collection":[{"href":"https:\/\/npf-fpn.com\/fr\/wp-json\/wp\/v2\/news"}],"about":[{"href":"https:\/\/npf-fpn.com\/fr\/wp-json\/wp\/v2\/types\/news"}],"wp:attachment":[{"href":"https:\/\/npf-fpn.com\/fr\/wp-json\/wp\/v2\/media?parent=49978"}],"wp:term":[{"taxonomy":"news_type","embeddable":true,"href":"https:\/\/npf-fpn.com\/fr\/wp-json\/wp\/v2\/news_type?post=49978"},{"taxonomy":"audiences","embeddable":true,"href":"https:\/\/npf-fpn.com\/fr\/wp-json\/wp\/v2\/audiences?post=49978"},{"taxonomy":"news_topics","embeddable":true,"href":"https:\/\/npf-fpn.com\/fr\/wp-json\/wp\/v2\/news_topics?post=49978"}],"curies":[{"name":"wp","href":"https:\/\/api.w.org\/{rel}","templated":true}]}}