{"id":45073,"date":"2023-09-28T18:54:09","date_gmt":"2023-09-28T18:54:09","guid":{"rendered":"https:\/\/npf-fpn.com\/?post_type=news&#038;p=45073"},"modified":"2023-09-28T19:35:57","modified_gmt":"2023-09-28T19:35:57","slug":"la-federation-de-la-police-nationale-invite-les-canadiens-et-les-canadiennes-a-porter-du-rouge-ce-mercredi-en-lhonneur-de-lagent-de-la-grc-rick-obrien","status":"publish","type":"news","link":"https:\/\/npf-fpn.com\/fr\/news-item\/la-federation-de-la-police-nationale-invite-les-canadiens-et-les-canadiennes-a-porter-du-rouge-ce-mercredi-en-lhonneur-de-lagent-de-la-grc-rick-obrien\/","title":{"rendered":"La F\u00e9d\u00e9ration de la police nationale invite les Canadiens et les Canadiennes \u00e0 porter du rouge ce mercredi en l\u2019honneur de l\u2019agent de la GRC Rick O\u2019Brien"},"content":{"rendered":"\n<p><strong>28\u202f septembre \u202f2023\u00a0<\/strong>\u00a0<\/p>\n\n\n\n<p><strong>Vancouver (Colombie-Britannique) \u2013<\/strong>\u202fLa F\u00e9d\u00e9ration de la police nationale invite la population de la Colombie-Britannique et tous les Canadiens et les Canadiennes \u00e0 porter du rouge le mercredi\u202f4\u202foctobre\u202f2023 afin de souligner la m\u00e9moire de l\u2019agent Rick\u202fO\u2019Brien et lui rendre hommage pour sa bravoure, son engagement envers la s\u00e9curit\u00e9 publique et son sacrifice ultime au service de sa collectivit\u00e9.&nbsp;&nbsp;<\/p>\n\n\n\n<p>L\u2019agent\u202fO\u2019Brien a \u00e9t\u00e9 assassin\u00e9 dans l\u2019exercice de ses fonctions le 22\u202fseptembre\u202f2023 \u00e0 Coquitlam, en Colombie-Britannique, alors qu\u2019il prot\u00e9geait sa collectivit\u00e9. Il \u00e9tait un membre appr\u00e9ci\u00e9 du d\u00e9tachement de la GRC de Ridge Meadows, un coll\u00e8gue exceptionnel et d\u00e9vou\u00e9, un mari aimant et bienveillant, un p\u00e8re d\u00e9vou\u00e9, et il comptait de nombreux amis.&nbsp;&nbsp;<\/p>\n\n\n\n<p>Il tenait beaucoup \u00e0 changer les choses pour les jeunes, et tous se souviendront de lui pour le sourire omnipr\u00e9sent qu\u2019il affichait partout o\u00f9 il allait. L\u2019agent\u202fO\u2019Brien a consacr\u00e9 sa vie au service des autres, et portait l\u2019uniforme de la GRC avec beaucoup de fiert\u00e9. Il nous manquera \u00e0 tous \u00e9norm\u00e9ment.&nbsp;<\/p>\n\n\n\n<p>Tous les Canadiens sont invit\u00e9s \u00e0 manifester leur soutien en partageant leurs photos dans le cadre de l\u2019\u00e9v\u00e9nement \u00ab\u202fPortez du rouge mercredi\u202f\u00bb sur les m\u00e9dias sociaux en utilisant le mot-clic #MercrediPortezduRoug.&nbsp;&nbsp;<\/p>\n\n\n\n<p>\u00ab\u202fAu cours de la derni\u00e8re ann\u00e9e, les membres de la GRC, leurs familles et leurs amis ainsi que la communaut\u00e9 polici\u00e8re canadienne ont \u00e9t\u00e9 d\u00e9vast\u00e9s par les meurtres sans pr\u00e9c\u00e9dent et tragiques d\u2019agents de police en service, a d\u00e9clar\u00e9 Brian\u202fSauv\u00e9, pr\u00e9sident et chef de la direction de la F\u00e9d\u00e9ration de la police nationale. \u00ab\u202fLe soutien que vous apportez en portant du rouge mercredi prochain, en contribuant \u00e0 la campagne GoFundMe pour aider la famille O\u2019Brien \u00e0 composer avec cette perte tragique ou en prenant un moment pour remercier un agent de police \u00e0 proximit\u00e9 signifiera beaucoup alors qu\u2019il pleure la perte d\u2019un coll\u00e8gue.\u202f\u00bb&nbsp;<\/p>\n\n\n\n<p>La Fondation de bienfaisance de la F\u00e9d\u00e9ration de la police nationale, en partenariat avec la F\u00e9d\u00e9ration de la police nationale, a \u00e9galement organis\u00e9 une <a href=\"https:\/\/www.gofundme.com\/f\/bjvfzf-in-memory-of-cst-obrien\" target=\"_blank\" rel=\"noreferrer noopener\">campagne GoFundMe<\/a> pour recueillir des fonds pour la famille de l\u2019agent O\u2019Brien, et est la seule organisation digne de confiance \u00e0 accepter, g\u00e9rer et transmettre en toute s\u00e9curit\u00e9 des dons aux familles des membres de la GRC qui ont fait le sacrifice ultime. Les dons aideront la famille de l\u2019agent O\u2019Brien \u00e0 payer les d\u00e9penses \u00e0 venir.&nbsp;<\/p>\n\n\n\n<p><strong>\u00c0 propos de la F\u00e9d\u00e9ration de la police nationale<\/strong>\u202f&nbsp;<\/p>\n\n\n\n<p>\u202fLa F\u00e9d\u00e9ration de la police nationale (FPN) repr\u00e9sente environ 20\u202f000\u202fmembres de la Gendarmerie royale du Canada (GRC) au pays et \u00e0 l\u2019\u00e9tranger. Il s\u2019agit du plus grand organisme de relations de travail dans la police au Canada et du deuxi\u00e8me en importance en Am\u00e9rique du Nord. Nous nous concentrons sur l\u2019am\u00e9lioration de la s\u00e9curit\u00e9 publique au Canada pour nos membres et tous les Canadiens en pr\u00e9conisant l\u2019investissement dans les services de police et d\u2019autres soutiens et services connexes. Cela comprend la demande de ressources, d\u2019\u00e9quipement et de financement n\u00e9cessaires pour une plus grande s\u00e9curit\u00e9 et une meilleure qualit\u00e9 de vie des collectivit\u00e9s grandes ou petites que la GRC sert, partout au Canada.\u202f\u00a0<\/p>\n\n\n\n<p>Pour en savoir davantage, consultez le <a href=\"https:\/\/npf-fpn.com\/fr\/about-us\/\" target=\"_blank\" rel=\"noreferrer noopener\">https:\/\/npf-fpn.com\/fr\/<\/a>.\u202f\u00a0<\/p>\n\n\n\n<p>FPN\u202f: <a href=\"https:\/\/www.linkedin.com\/company\/nationalpolicefederation\" target=\"_blank\" rel=\"noreferrer noopener\">LinkedIn<\/a>, <a href=\"https:\/\/www.facebook.com\/nationalpolicefederation\/\" target=\"_blank\" rel=\"noreferrer noopener\">Facebook<\/a>, <a href=\"https:\/\/twitter.com\/npffpn\" target=\"_blank\" rel=\"noreferrer noopener\">Twitter<\/a> et <a href=\"https:\/\/www.instagram.com\/npf_fpn\/\" target=\"_blank\" rel=\"noreferrer noopener\">Instagram<\/a>\u202f\u00a0<\/p>\n\n\n\n<p>Personnes-ressources pour les m\u00e9dias\u202f:\u202f\u00a0<\/p>\n\n\n\n<p>Fabrice\u202fde\u202fDongo \u00a0<br>Gestionnaire, Relations avec les m\u00e9dias \u00a0<br><a href=\"mailto:fdedongo@npf-fpn.com\" target=\"_blank\" rel=\"noreferrer noopener\">fdedongo@npf-fpn.com<\/a><br>(647) 274-7118\u00a0<\/p>\n\n\n\n<p>Sarah Kavanagh\u00a0<br>Coordinateur, Relations avec les m\u00e9dias \u00a0<br><a href=\"mailto:fdedongo@npf-fpn.com\" target=\"_blank\" rel=\"noreferrer noopener\">skavanagh@npf-fpn.com<\/a><br>(604) 842-6864\u00a0<\/p>\n\n\n\n<p><br>\u00a0<\/p>\n","protected":false},"excerpt":{"rendered":"<p>28\u202f septembre \u202f2023\u00a0\u00a0 Vancouver (Colombie-Britannique) \u2013\u202fLa F\u00e9d\u00e9ration de la police nationale invite la population de la Colombie-Britannique et tous les Canadiens et les Canadiennes \u00e0 porter du rouge le mercredi\u202f4\u202foctobre\u202f2023 afin de souligner la m\u00e9moire de l\u2019agent Rick\u202fO\u2019Brien et lui [&hellip;]<\/p>\n","protected":false},"featured_media":0,"template":"","news_type":[],"audiences":[],"news_topics":[],"class_list":["post-45073","news","type-news","status-publish","hentry"],"acf":[],"yoast_head":"<!-- This site is optimized with the Yoast SEO plugin v27.4 - https:\/\/yoast.com\/product\/yoast-seo-wordpress\/ -->\n<title>La F\u00e9d\u00e9ration de la police nationale invite les Canadiens et les Canadiennes \u00e0 porter du rouge ce mercredi en l\u2019honneur de l\u2019agent de la GRC Rick O\u2019Brien - NPF-FPN<\/title>\n<meta name=\"robots\" content=\"index, follow, max-snippet:-1, max-image-preview:large, max-video-preview:-1\" \/>\n<link rel=\"canonical\" href=\"https:\/\/npf-fpn.com\/fr\/news-item\/la-federation-de-la-police-nationale-invite-les-canadiens-et-les-canadiennes-a-porter-du-rouge-ce-mercredi-en-lhonneur-de-lagent-de-la-grc-rick-obrien\/\" \/>\n<meta property=\"og:locale\" content=\"fr_FR\" \/>\n<meta property=\"og:type\" content=\"article\" \/>\n<meta property=\"og:title\" content=\"La F\u00e9d\u00e9ration de la police nationale invite les Canadiens et les Canadiennes \u00e0 porter du rouge ce mercredi en l\u2019honneur de l\u2019agent de la GRC Rick O\u2019Brien - NPF-FPN\" \/>\n<meta property=\"og:description\" content=\"28\u202f septembre \u202f2023\u00a0\u00a0 Vancouver (Colombie-Britannique) \u2013\u202fLa F\u00e9d\u00e9ration de la police nationale invite la population de la Colombie-Britannique et tous les Canadiens et les Canadiennes \u00e0 porter du rouge le mercredi\u202f4\u202foctobre\u202f2023 afin de souligner la m\u00e9moire de l\u2019agent Rick\u202fO\u2019Brien et lui [&hellip;]\" \/>\n<meta property=\"og:url\" content=\"https:\/\/npf-fpn.com\/fr\/news-item\/la-federation-de-la-police-nationale-invite-les-canadiens-et-les-canadiennes-a-porter-du-rouge-ce-mercredi-en-lhonneur-de-lagent-de-la-grc-rick-obrien\/\" \/>\n<meta property=\"og:site_name\" content=\"NPF-FPN\" \/>\n<meta property=\"article:modified_time\" content=\"2023-09-28T19:35:57+00:00\" \/>\n<meta name=\"twitter:card\" content=\"summary_large_image\" \/>\n<meta name=\"twitter:label1\" content=\"Est. reading time\" \/>\n\t<meta name=\"twitter:data1\" content=\"3 minutes\" \/>\n<script type=\"application\/ld+json\" class=\"yoast-schema-graph\">{\"@context\":\"https:\\\/\\\/schema.org\",\"@graph\":[{\"@type\":\"WebPage\",\"@id\":\"https:\\\/\\\/npf-fpn.com\\\/fr\\\/news-item\\\/la-federation-de-la-police-nationale-invite-les-canadiens-et-les-canadiennes-a-porter-du-rouge-ce-mercredi-en-lhonneur-de-lagent-de-la-grc-rick-obrien\\\/\",\"url\":\"https:\\\/\\\/npf-fpn.com\\\/fr\\\/news-item\\\/la-federation-de-la-police-nationale-invite-les-canadiens-et-les-canadiennes-a-porter-du-rouge-ce-mercredi-en-lhonneur-de-lagent-de-la-grc-rick-obrien\\\/\",\"name\":\"La F\u00e9d\u00e9ration de la police nationale invite les Canadiens et les Canadiennes \u00e0 porter du rouge ce mercredi en l\u2019honneur de l\u2019agent de la GRC Rick O\u2019Brien - NPF-FPN\",\"isPartOf\":{\"@id\":\"https:\\\/\\\/npf-fpn.com\\\/#website\"},\"datePublished\":\"2023-09-28T18:54:09+00:00\",\"dateModified\":\"2023-09-28T19:35:57+00:00\",\"breadcrumb\":{\"@id\":\"https:\\\/\\\/npf-fpn.com\\\/fr\\\/news-item\\\/la-federation-de-la-police-nationale-invite-les-canadiens-et-les-canadiennes-a-porter-du-rouge-ce-mercredi-en-lhonneur-de-lagent-de-la-grc-rick-obrien\\\/#breadcrumb\"},\"inLanguage\":\"fr-FR\",\"potentialAction\":[{\"@type\":\"ReadAction\",\"target\":[\"https:\\\/\\\/npf-fpn.com\\\/fr\\\/news-item\\\/la-federation-de-la-police-nationale-invite-les-canadiens-et-les-canadiennes-a-porter-du-rouge-ce-mercredi-en-lhonneur-de-lagent-de-la-grc-rick-obrien\\\/\"]}]},{\"@type\":\"BreadcrumbList\",\"@id\":\"https:\\\/\\\/npf-fpn.com\\\/fr\\\/news-item\\\/la-federation-de-la-police-nationale-invite-les-canadiens-et-les-canadiennes-a-porter-du-rouge-ce-mercredi-en-lhonneur-de-lagent-de-la-grc-rick-obrien\\\/#breadcrumb\",\"itemListElement\":[{\"@type\":\"ListItem\",\"position\":1,\"name\":\"Accueil\",\"item\":\"https:\\\/\\\/npf-fpn.com\\\/fr\\\/\"},{\"@type\":\"ListItem\",\"position\":2,\"name\":\"La F\u00e9d\u00e9ration de la police nationale invite les Canadiens et les Canadiennes \u00e0 porter du rouge ce mercredi en l\u2019honneur de l\u2019agent de la GRC Rick O\u2019Brien\"}]},{\"@type\":\"WebSite\",\"@id\":\"https:\\\/\\\/npf-fpn.com\\\/#website\",\"url\":\"https:\\\/\\\/npf-fpn.com\\\/\",\"name\":\"NPF-FPN\",\"description\":\"Providing strong, fair and progressive representation to almost 20,000 RCMP members across Canada.\",\"publisher\":{\"@id\":\"https:\\\/\\\/npf-fpn.com\\\/#organization\"},\"potentialAction\":[{\"@type\":\"SearchAction\",\"target\":{\"@type\":\"EntryPoint\",\"urlTemplate\":\"https:\\\/\\\/npf-fpn.com\\\/?s={search_term_string}\"},\"query-input\":{\"@type\":\"PropertyValueSpecification\",\"valueRequired\":true,\"valueName\":\"search_term_string\"}}],\"inLanguage\":\"fr-FR\"},{\"@type\":\"Organization\",\"@id\":\"https:\\\/\\\/npf-fpn.com\\\/#organization\",\"name\":\"NPF-FPN\",\"url\":\"https:\\\/\\\/npf-fpn.com\\\/\",\"logo\":{\"@type\":\"ImageObject\",\"inLanguage\":\"fr-FR\",\"@id\":\"https:\\\/\\\/npf-fpn.com\\\/#\\\/schema\\\/logo\\\/image\\\/\",\"url\":\"https:\\\/\\\/npf-fpn.com\\\/app\\\/uploads\\\/2022\\\/01\\\/NPF.jpg\",\"contentUrl\":\"https:\\\/\\\/npf-fpn.com\\\/app\\\/uploads\\\/2022\\\/01\\\/NPF.jpg\",\"width\":200,\"height\":200,\"caption\":\"NPF-FPN\"},\"image\":{\"@id\":\"https:\\\/\\\/npf-fpn.com\\\/#\\\/schema\\\/logo\\\/image\\\/\"}}]}<\/script>\n<!-- \/ Yoast SEO plugin. -->","yoast_head_json":{"title":"La F\u00e9d\u00e9ration de la police nationale invite les Canadiens et les Canadiennes \u00e0 porter du rouge ce mercredi en l\u2019honneur de l\u2019agent de la GRC Rick O\u2019Brien - NPF-FPN","robots":{"index":"index","follow":"follow","max-snippet":"max-snippet:-1","max-image-preview":"max-image-preview:large","max-video-preview":"max-video-preview:-1"},"canonical":"https:\/\/npf-fpn.com\/fr\/news-item\/la-federation-de-la-police-nationale-invite-les-canadiens-et-les-canadiennes-a-porter-du-rouge-ce-mercredi-en-lhonneur-de-lagent-de-la-grc-rick-obrien\/","og_locale":"fr_FR","og_type":"article","og_title":"La F\u00e9d\u00e9ration de la police nationale invite les Canadiens et les Canadiennes \u00e0 porter du rouge ce mercredi en l\u2019honneur de l\u2019agent de la GRC Rick O\u2019Brien - NPF-FPN","og_description":"28\u202f septembre \u202f2023\u00a0\u00a0 Vancouver (Colombie-Britannique) \u2013\u202fLa F\u00e9d\u00e9ration de la police nationale invite la population de la Colombie-Britannique et tous les Canadiens et les Canadiennes \u00e0 porter du rouge le mercredi\u202f4\u202foctobre\u202f2023 afin de souligner la m\u00e9moire de l\u2019agent Rick\u202fO\u2019Brien et lui [&hellip;]","og_url":"https:\/\/npf-fpn.com\/fr\/news-item\/la-federation-de-la-police-nationale-invite-les-canadiens-et-les-canadiennes-a-porter-du-rouge-ce-mercredi-en-lhonneur-de-lagent-de-la-grc-rick-obrien\/","og_site_name":"NPF-FPN","article_modified_time":"2023-09-28T19:35:57+00:00","twitter_card":"summary_large_image","twitter_misc":{"Est. reading time":"3 minutes"},"schema":{"@context":"https:\/\/schema.org","@graph":[{"@type":"WebPage","@id":"https:\/\/npf-fpn.com\/fr\/news-item\/la-federation-de-la-police-nationale-invite-les-canadiens-et-les-canadiennes-a-porter-du-rouge-ce-mercredi-en-lhonneur-de-lagent-de-la-grc-rick-obrien\/","url":"https:\/\/npf-fpn.com\/fr\/news-item\/la-federation-de-la-police-nationale-invite-les-canadiens-et-les-canadiennes-a-porter-du-rouge-ce-mercredi-en-lhonneur-de-lagent-de-la-grc-rick-obrien\/","name":"La F\u00e9d\u00e9ration de la police nationale invite les Canadiens et les Canadiennes \u00e0 porter du rouge ce mercredi en l\u2019honneur de l\u2019agent de la GRC Rick O\u2019Brien - NPF-FPN","isPartOf":{"@id":"https:\/\/npf-fpn.com\/#website"},"datePublished":"2023-09-28T18:54:09+00:00","dateModified":"2023-09-28T19:35:57+00:00","breadcrumb":{"@id":"https:\/\/npf-fpn.com\/fr\/news-item\/la-federation-de-la-police-nationale-invite-les-canadiens-et-les-canadiennes-a-porter-du-rouge-ce-mercredi-en-lhonneur-de-lagent-de-la-grc-rick-obrien\/#breadcrumb"},"inLanguage":"fr-FR","potentialAction":[{"@type":"ReadAction","target":["https:\/\/npf-fpn.com\/fr\/news-item\/la-federation-de-la-police-nationale-invite-les-canadiens-et-les-canadiennes-a-porter-du-rouge-ce-mercredi-en-lhonneur-de-lagent-de-la-grc-rick-obrien\/"]}]},{"@type":"BreadcrumbList","@id":"https:\/\/npf-fpn.com\/fr\/news-item\/la-federation-de-la-police-nationale-invite-les-canadiens-et-les-canadiennes-a-porter-du-rouge-ce-mercredi-en-lhonneur-de-lagent-de-la-grc-rick-obrien\/#breadcrumb","itemListElement":[{"@type":"ListItem","position":1,"name":"Accueil","item":"https:\/\/npf-fpn.com\/fr\/"},{"@type":"ListItem","position":2,"name":"La F\u00e9d\u00e9ration de la police nationale invite les Canadiens et les Canadiennes \u00e0 porter du rouge ce mercredi en l\u2019honneur de l\u2019agent de la GRC Rick O\u2019Brien"}]},{"@type":"WebSite","@id":"https:\/\/npf-fpn.com\/#website","url":"https:\/\/npf-fpn.com\/","name":"NPF-FPN","description":"Providing strong, fair and progressive representation to almost 20,000 RCMP members across Canada.","publisher":{"@id":"https:\/\/npf-fpn.com\/#organization"},"potentialAction":[{"@type":"SearchAction","target":{"@type":"EntryPoint","urlTemplate":"https:\/\/npf-fpn.com\/?s={search_term_string}"},"query-input":{"@type":"PropertyValueSpecification","valueRequired":true,"valueName":"search_term_string"}}],"inLanguage":"fr-FR"},{"@type":"Organization","@id":"https:\/\/npf-fpn.com\/#organization","name":"NPF-FPN","url":"https:\/\/npf-fpn.com\/","logo":{"@type":"ImageObject","inLanguage":"fr-FR","@id":"https:\/\/npf-fpn.com\/#\/schema\/logo\/image\/","url":"https:\/\/npf-fpn.com\/app\/uploads\/2022\/01\/NPF.jpg","contentUrl":"https:\/\/npf-fpn.com\/app\/uploads\/2022\/01\/NPF.jpg","width":200,"height":200,"caption":"NPF-FPN"},"image":{"@id":"https:\/\/npf-fpn.com\/#\/schema\/logo\/image\/"}}]}},"_links":{"self":[{"href":"https:\/\/npf-fpn.com\/fr\/wp-json\/wp\/v2\/news\/45073","targetHints":{"allow":["GET"]}}],"collection":[{"href":"https:\/\/npf-fpn.com\/fr\/wp-json\/wp\/v2\/news"}],"about":[{"href":"https:\/\/npf-fpn.com\/fr\/wp-json\/wp\/v2\/types\/news"}],"wp:attachment":[{"href":"https:\/\/npf-fpn.com\/fr\/wp-json\/wp\/v2\/media?parent=45073"}],"wp:term":[{"taxonomy":"news_type","embeddable":true,"href":"https:\/\/npf-fpn.com\/fr\/wp-json\/wp\/v2\/news_type?post=45073"},{"taxonomy":"audiences","embeddable":true,"href":"https:\/\/npf-fpn.com\/fr\/wp-json\/wp\/v2\/audiences?post=45073"},{"taxonomy":"news_topics","embeddable":true,"href":"https:\/\/npf-fpn.com\/fr\/wp-json\/wp\/v2\/news_topics?post=45073"}],"curies":[{"name":"wp","href":"https:\/\/api.w.org\/{rel}","templated":true}]}}