{"id":40992,"date":"2023-03-30T15:24:40","date_gmt":"2023-03-30T15:24:40","guid":{"rendered":"https:\/\/npf-fpn.com\/?post_type=news&#038;p=40992"},"modified":"2023-03-30T15:35:48","modified_gmt":"2023-03-30T15:35:48","slug":"la-fpn-repond-a-la-publication-du-rapport-final-de-la-commission-des-pertes-massives","status":"publish","type":"news","link":"https:\/\/npf-fpn.com\/fr\/news-item\/la-fpn-repond-a-la-publication-du-rapport-final-de-la-commission-des-pertes-massives\/","title":{"rendered":"La FPN r\u00e9pond \u00e0 la publication du rapport final de la Commission des pertes massives"},"content":{"rendered":"\n<p><strong>Le 30 mars 2023<\/strong><\/p>\n\n\n\n<p><strong>Halifax, N.-\u00c9. \u2014<\/strong> Voici une d\u00e9claration de Brian Sauv\u00e9, pr\u00e9sident de la F\u00e9d\u00e9ration de la police nationale, en r\u00e9ponse \u00e0 la publication du rapport final de la Commission des pertes massives:<\/p>\n\n\n\n<p>\u00ab\u202fLes membres de la GRC qui ont r\u00e9pondu \u00e0 cet incident sans pr\u00e9c\u00e9dent et en constante \u00e9volution ont fait preuve de courage et de professionnalisme face \u00e0 une situation horrible et sans pr\u00e9c\u00e9dent en fonction des informations, de l&#8217;\u00e9quipement et des ressources dont ils disposaient. Cela a \u00e9t\u00e9 reconnu par la Commission dans le rapport d&#8217;aujourd&#8217;hui. Comme nous l&#8217;avons vu trop souvent ces derniers temps, nos membres et tous les policiers mettent leur vie et leur s\u00e9curit\u00e9 en jeu chaque jour pour prot\u00e9ger leurs voisins et ils m\u00e9ritent notre respect et notre gratitude, tout comme leurs familles. Ils effectuent un travail exceptionnel chaque jour dans les communaut\u00e9s qu&#8217;ils desservent.&nbsp;<\/p>\n\n\n\n<p>Nous remercions les commissaires pour leur travail tout au long de cette commission longue et difficile. Nous remercions et reconnaissons \u00e9galement nos membres qui ont particip\u00e9 honn\u00eatement et sinc\u00e8rement malgr\u00e9 le d\u00e9fi de le faire.&nbsp;<\/p>\n\n\n\n<p>Nous continuons de pleurer avec les familles des disparus et avec tous les N\u00e9o-\u00c9cossais, y compris nos membres, qui sont encore profond\u00e9ment touch\u00e9s. Nous r\u00e9fl\u00e9chissons et nous souvenons \u00e9galement de la perte d\u00e9vastatrice de Heidi Stevenson et des blessures subies par Chad Morrison, tout en prot\u00e9geant leur communaut\u00e9.&nbsp;<\/p>\n\n\n\n<p>Nous sommes tous chang\u00e9s \u00e0 jamais.\u202f\u00bb&nbsp;<\/p>\n\n\n\n<p><strong>\u00c0 propos de la F\u00e9d\u00e9ration de la police nationale<\/strong><\/p>\n\n\n\n<p>La F\u00e9d\u00e9ration de la police nationale (FPN) repr\u00e9sente environ 20\u202f000\u202fmembres de la Gendarmerie royale du Canada (GRC) au pays et \u00e0 l\u2019\u00e9tranger. Il s\u2019agit du plus grand organisme de relations de travail dans la police au Canada et du deuxi\u00e8me en importance en Am\u00e9rique du Nord. Nous nous concentrons sur l\u2019am\u00e9lioration de la s\u00e9curit\u00e9 publique au Canada pour nos membres et tous les Canadiens en pr\u00e9conisant l\u2019investissement dans les services de police et d\u2019autres soutiens et services connexes. Cela comprend la demande de ressources, d\u2019\u00e9quipement et de financement n\u00e9cessaires pour une plus grande s\u00e9curit\u00e9 et une meilleure qualit\u00e9 de vie des collectivit\u00e9s grandes ou petites que la GRC sert, partout au Canada.<\/p>\n\n\n\n<p>Pour en savoir plus:&nbsp;<a href=\"https:\/\/npf-fpn.com\/a\">https:\/\/npf-fpn.com\/<\/a><\/p>\n\n\n\n<p>FPN:&nbsp; <a href=\"https:\/\/www.linkedin.com\/company\/nationalpolicefederation\">LinkedIn,&nbsp;<\/a><a href=\"https:\/\/www.facebook.com\/nationalpolicefederation\/\">Facebook,&nbsp;<\/a><a href=\"https:\/\/twitter.com\/npffpn\">Twitter,&nbsp;<\/a>and&nbsp;<a href=\"https:\/\/www.instagram.com\/npf_fpn\/\">Instagram<\/a><\/p>\n\n\n\n<p>Personnes-ressources pour les m\u00e9dias\u202f:<\/p>\n\n\n\n<p><br>Fabrice de Dongo&nbsp;&nbsp;&nbsp;&nbsp;&nbsp;&nbsp;&nbsp;&nbsp;&nbsp;&nbsp;&nbsp;&nbsp;&nbsp;&nbsp;&nbsp;&nbsp;&nbsp;&nbsp;&nbsp;&nbsp;&nbsp;&nbsp;&nbsp;&nbsp;&nbsp;&nbsp;&nbsp;&nbsp;&nbsp;&nbsp;&nbsp;&nbsp;&nbsp;&nbsp;&nbsp;&nbsp;&nbsp;&nbsp;&nbsp;&nbsp;&nbsp;&nbsp;&nbsp;&nbsp;&nbsp;&nbsp;&nbsp;&nbsp;&nbsp;&nbsp;&nbsp;&nbsp;&nbsp;&nbsp;&nbsp;&nbsp;&nbsp;&nbsp;&nbsp;&nbsp; &nbsp;&nbsp;&nbsp;&nbsp;&nbsp;&nbsp;&nbsp;&nbsp;&nbsp;&nbsp;&nbsp;&nbsp;&nbsp;&nbsp; &nbsp;&nbsp;&nbsp;&nbsp;<br>Gestionnaire, Relations avec les m\u00e9dias&nbsp; &nbsp;&nbsp;&nbsp;&nbsp;&nbsp;&nbsp;&nbsp;&nbsp;&nbsp;&nbsp;&nbsp;&nbsp;&nbsp;&nbsp; &nbsp;&nbsp;&nbsp;&nbsp;&nbsp;&nbsp;&nbsp;&nbsp;&nbsp;&nbsp;&nbsp;&nbsp;&nbsp;&nbsp;&nbsp; &nbsp;&nbsp;&nbsp;<br><a href=\"mailto:fdedongo@npf-fpn.com\">fdedongo@npf-fpn.com<\/a><br>(647) 274-7118<\/p>\n\n\n\n<p>Sarah Kavanagh<br>Coordonnatrice, Relations avec les m\u00e9dias<br>skav<a href=\"mailto:skavanagh@npf-fpn.com\">anagh@npf-fpn.com   <\/a><br>(604) 842-6864<\/p>\n\n\n\n<div class=\"wp-block-group\"><div class=\"wp-block-group__inner-container is-layout-flow wp-block-group-is-layout-flow\"><\/div><\/div>\n\n\n\n<hr class=\"wp-block-separator\"\/>\n\n\n\n<figure class=\"wp-block-gallery has-nested-images columns-default is-cropped wp-block-gallery-1 is-layout-flex wp-block-gallery-is-layout-flex\"><\/figure>\n","protected":false},"excerpt":{"rendered":"<p>Le 30 mars 2023 Halifax, N.-\u00c9. \u2014 Voici une d\u00e9claration de Brian Sauv\u00e9, pr\u00e9sident de la F\u00e9d\u00e9ration de la police nationale, en r\u00e9ponse \u00e0 la publication du rapport final de la Commission des pertes massives: \u00ab\u202fLes membres de la GRC [&hellip;]<\/p>\n","protected":false},"featured_media":0,"template":"","news_type":[40],"audiences":[],"news_topics":[],"class_list":["post-40992","news","type-news","status-publish","hentry","news_type-media-releases-fr"],"acf":[],"yoast_head":"<!-- This site is optimized with the Yoast SEO plugin v27.4 - https:\/\/yoast.com\/product\/yoast-seo-wordpress\/ -->\n<title>La FPN r\u00e9pond \u00e0 la publication du rapport final de la Commission des pertes massives - NPF-FPN<\/title>\n<meta name=\"robots\" content=\"index, follow, max-snippet:-1, max-image-preview:large, max-video-preview:-1\" \/>\n<link rel=\"canonical\" href=\"https:\/\/npf-fpn.com\/fr\/news-item\/la-fpn-repond-a-la-publication-du-rapport-final-de-la-commission-des-pertes-massives\/\" \/>\n<meta property=\"og:locale\" content=\"fr_FR\" \/>\n<meta property=\"og:type\" content=\"article\" \/>\n<meta property=\"og:title\" content=\"La FPN r\u00e9pond \u00e0 la publication du rapport final de la Commission des pertes massives - NPF-FPN\" \/>\n<meta property=\"og:description\" content=\"Le 30 mars 2023 Halifax, N.-\u00c9. \u2014 Voici une d\u00e9claration de Brian Sauv\u00e9, pr\u00e9sident de la F\u00e9d\u00e9ration de la police nationale, en r\u00e9ponse \u00e0 la publication du rapport final de la Commission des pertes massives: \u00ab\u202fLes membres de la GRC [&hellip;]\" \/>\n<meta property=\"og:url\" content=\"https:\/\/npf-fpn.com\/fr\/news-item\/la-fpn-repond-a-la-publication-du-rapport-final-de-la-commission-des-pertes-massives\/\" \/>\n<meta property=\"og:site_name\" content=\"NPF-FPN\" \/>\n<meta property=\"article:modified_time\" content=\"2023-03-30T15:35:48+00:00\" \/>\n<meta name=\"twitter:card\" content=\"summary_large_image\" \/>\n<meta name=\"twitter:label1\" content=\"Est. reading time\" \/>\n\t<meta name=\"twitter:data1\" content=\"2 minutes\" \/>\n<script type=\"application\/ld+json\" class=\"yoast-schema-graph\">{\"@context\":\"https:\\\/\\\/schema.org\",\"@graph\":[{\"@type\":\"WebPage\",\"@id\":\"https:\\\/\\\/npf-fpn.com\\\/fr\\\/news-item\\\/la-fpn-repond-a-la-publication-du-rapport-final-de-la-commission-des-pertes-massives\\\/\",\"url\":\"https:\\\/\\\/npf-fpn.com\\\/fr\\\/news-item\\\/la-fpn-repond-a-la-publication-du-rapport-final-de-la-commission-des-pertes-massives\\\/\",\"name\":\"La FPN r\u00e9pond \u00e0 la publication du rapport final de la Commission des pertes massives - NPF-FPN\",\"isPartOf\":{\"@id\":\"https:\\\/\\\/npf-fpn.com\\\/#website\"},\"datePublished\":\"2023-03-30T15:24:40+00:00\",\"dateModified\":\"2023-03-30T15:35:48+00:00\",\"breadcrumb\":{\"@id\":\"https:\\\/\\\/npf-fpn.com\\\/fr\\\/news-item\\\/la-fpn-repond-a-la-publication-du-rapport-final-de-la-commission-des-pertes-massives\\\/#breadcrumb\"},\"inLanguage\":\"fr-FR\",\"potentialAction\":[{\"@type\":\"ReadAction\",\"target\":[\"https:\\\/\\\/npf-fpn.com\\\/fr\\\/news-item\\\/la-fpn-repond-a-la-publication-du-rapport-final-de-la-commission-des-pertes-massives\\\/\"]}]},{\"@type\":\"BreadcrumbList\",\"@id\":\"https:\\\/\\\/npf-fpn.com\\\/fr\\\/news-item\\\/la-fpn-repond-a-la-publication-du-rapport-final-de-la-commission-des-pertes-massives\\\/#breadcrumb\",\"itemListElement\":[{\"@type\":\"ListItem\",\"position\":1,\"name\":\"Accueil\",\"item\":\"https:\\\/\\\/npf-fpn.com\\\/fr\\\/\"},{\"@type\":\"ListItem\",\"position\":2,\"name\":\"La FPN r\u00e9pond \u00e0 la publication du rapport final de la Commission des pertes massives\"}]},{\"@type\":\"WebSite\",\"@id\":\"https:\\\/\\\/npf-fpn.com\\\/#website\",\"url\":\"https:\\\/\\\/npf-fpn.com\\\/\",\"name\":\"NPF-FPN\",\"description\":\"Providing strong, fair and progressive representation to almost 20,000 RCMP members across Canada.\",\"publisher\":{\"@id\":\"https:\\\/\\\/npf-fpn.com\\\/#organization\"},\"potentialAction\":[{\"@type\":\"SearchAction\",\"target\":{\"@type\":\"EntryPoint\",\"urlTemplate\":\"https:\\\/\\\/npf-fpn.com\\\/?s={search_term_string}\"},\"query-input\":{\"@type\":\"PropertyValueSpecification\",\"valueRequired\":true,\"valueName\":\"search_term_string\"}}],\"inLanguage\":\"fr-FR\"},{\"@type\":\"Organization\",\"@id\":\"https:\\\/\\\/npf-fpn.com\\\/#organization\",\"name\":\"NPF-FPN\",\"url\":\"https:\\\/\\\/npf-fpn.com\\\/\",\"logo\":{\"@type\":\"ImageObject\",\"inLanguage\":\"fr-FR\",\"@id\":\"https:\\\/\\\/npf-fpn.com\\\/#\\\/schema\\\/logo\\\/image\\\/\",\"url\":\"https:\\\/\\\/npf-fpn.com\\\/app\\\/uploads\\\/2022\\\/01\\\/NPF.jpg\",\"contentUrl\":\"https:\\\/\\\/npf-fpn.com\\\/app\\\/uploads\\\/2022\\\/01\\\/NPF.jpg\",\"width\":200,\"height\":200,\"caption\":\"NPF-FPN\"},\"image\":{\"@id\":\"https:\\\/\\\/npf-fpn.com\\\/#\\\/schema\\\/logo\\\/image\\\/\"}}]}<\/script>\n<!-- \/ Yoast SEO plugin. -->","yoast_head_json":{"title":"La FPN r\u00e9pond \u00e0 la publication du rapport final de la Commission des pertes massives - NPF-FPN","robots":{"index":"index","follow":"follow","max-snippet":"max-snippet:-1","max-image-preview":"max-image-preview:large","max-video-preview":"max-video-preview:-1"},"canonical":"https:\/\/npf-fpn.com\/fr\/news-item\/la-fpn-repond-a-la-publication-du-rapport-final-de-la-commission-des-pertes-massives\/","og_locale":"fr_FR","og_type":"article","og_title":"La FPN r\u00e9pond \u00e0 la publication du rapport final de la Commission des pertes massives - NPF-FPN","og_description":"Le 30 mars 2023 Halifax, N.-\u00c9. \u2014 Voici une d\u00e9claration de Brian Sauv\u00e9, pr\u00e9sident de la F\u00e9d\u00e9ration de la police nationale, en r\u00e9ponse \u00e0 la publication du rapport final de la Commission des pertes massives: \u00ab\u202fLes membres de la GRC [&hellip;]","og_url":"https:\/\/npf-fpn.com\/fr\/news-item\/la-fpn-repond-a-la-publication-du-rapport-final-de-la-commission-des-pertes-massives\/","og_site_name":"NPF-FPN","article_modified_time":"2023-03-30T15:35:48+00:00","twitter_card":"summary_large_image","twitter_misc":{"Est. reading time":"2 minutes"},"schema":{"@context":"https:\/\/schema.org","@graph":[{"@type":"WebPage","@id":"https:\/\/npf-fpn.com\/fr\/news-item\/la-fpn-repond-a-la-publication-du-rapport-final-de-la-commission-des-pertes-massives\/","url":"https:\/\/npf-fpn.com\/fr\/news-item\/la-fpn-repond-a-la-publication-du-rapport-final-de-la-commission-des-pertes-massives\/","name":"La FPN r\u00e9pond \u00e0 la publication du rapport final de la Commission des pertes massives - NPF-FPN","isPartOf":{"@id":"https:\/\/npf-fpn.com\/#website"},"datePublished":"2023-03-30T15:24:40+00:00","dateModified":"2023-03-30T15:35:48+00:00","breadcrumb":{"@id":"https:\/\/npf-fpn.com\/fr\/news-item\/la-fpn-repond-a-la-publication-du-rapport-final-de-la-commission-des-pertes-massives\/#breadcrumb"},"inLanguage":"fr-FR","potentialAction":[{"@type":"ReadAction","target":["https:\/\/npf-fpn.com\/fr\/news-item\/la-fpn-repond-a-la-publication-du-rapport-final-de-la-commission-des-pertes-massives\/"]}]},{"@type":"BreadcrumbList","@id":"https:\/\/npf-fpn.com\/fr\/news-item\/la-fpn-repond-a-la-publication-du-rapport-final-de-la-commission-des-pertes-massives\/#breadcrumb","itemListElement":[{"@type":"ListItem","position":1,"name":"Accueil","item":"https:\/\/npf-fpn.com\/fr\/"},{"@type":"ListItem","position":2,"name":"La FPN r\u00e9pond \u00e0 la publication du rapport final de la Commission des pertes massives"}]},{"@type":"WebSite","@id":"https:\/\/npf-fpn.com\/#website","url":"https:\/\/npf-fpn.com\/","name":"NPF-FPN","description":"Providing strong, fair and progressive representation to almost 20,000 RCMP members across Canada.","publisher":{"@id":"https:\/\/npf-fpn.com\/#organization"},"potentialAction":[{"@type":"SearchAction","target":{"@type":"EntryPoint","urlTemplate":"https:\/\/npf-fpn.com\/?s={search_term_string}"},"query-input":{"@type":"PropertyValueSpecification","valueRequired":true,"valueName":"search_term_string"}}],"inLanguage":"fr-FR"},{"@type":"Organization","@id":"https:\/\/npf-fpn.com\/#organization","name":"NPF-FPN","url":"https:\/\/npf-fpn.com\/","logo":{"@type":"ImageObject","inLanguage":"fr-FR","@id":"https:\/\/npf-fpn.com\/#\/schema\/logo\/image\/","url":"https:\/\/npf-fpn.com\/app\/uploads\/2022\/01\/NPF.jpg","contentUrl":"https:\/\/npf-fpn.com\/app\/uploads\/2022\/01\/NPF.jpg","width":200,"height":200,"caption":"NPF-FPN"},"image":{"@id":"https:\/\/npf-fpn.com\/#\/schema\/logo\/image\/"}}]}},"_links":{"self":[{"href":"https:\/\/npf-fpn.com\/fr\/wp-json\/wp\/v2\/news\/40992","targetHints":{"allow":["GET"]}}],"collection":[{"href":"https:\/\/npf-fpn.com\/fr\/wp-json\/wp\/v2\/news"}],"about":[{"href":"https:\/\/npf-fpn.com\/fr\/wp-json\/wp\/v2\/types\/news"}],"wp:attachment":[{"href":"https:\/\/npf-fpn.com\/fr\/wp-json\/wp\/v2\/media?parent=40992"}],"wp:term":[{"taxonomy":"news_type","embeddable":true,"href":"https:\/\/npf-fpn.com\/fr\/wp-json\/wp\/v2\/news_type?post=40992"},{"taxonomy":"audiences","embeddable":true,"href":"https:\/\/npf-fpn.com\/fr\/wp-json\/wp\/v2\/audiences?post=40992"},{"taxonomy":"news_topics","embeddable":true,"href":"https:\/\/npf-fpn.com\/fr\/wp-json\/wp\/v2\/news_topics?post=40992"}],"curies":[{"name":"wp","href":"https:\/\/api.w.org\/{rel}","templated":true}]}}